{"id":918,"date":"2021-08-02T09:51:06","date_gmt":"2021-08-02T07:51:06","guid":{"rendered":"https:\/\/www.wuennenberg-bueren.de\/zweckverband\/?p=918"},"modified":"2021-09-06T11:21:57","modified_gmt":"2021-09-06T09:21:57","slug":"bueren-3-vortrag-naturnahe-gartengestaltung-fuer-tiere-25-08-2021","status":"publish","type":"post","link":"https:\/\/www.wuennenberg-bueren.de\/zweckverband\/2021\/08\/02\/bueren-3-vortrag-naturnahe-gartengestaltung-fuer-tiere-25-08-2021\/","title":{"rendered":"B\u00dcREN &#8211; 3. Vortrag &#8211; Naturnahe Gartengestaltung f\u00fcr Tiere &#8211; 25.08.2021"},"content":{"rendered":"\n<p><strong>Mittwoch, den 25. August um 18:00 Uhr<br>Niederm\u00fchle B\u00fcren, Bahnhofstra\u00dfe 20, 33142 B\u00fcren<\/strong><\/p>\n\n\n\n<p>Im Rahmen des LEADER-Projektes \u201eWurzgarten B\u00fcren\u201c bietet der Zweckverband Bevorzugtes Erholungsgebiet Bad W\u00fcnnenberg\/B\u00fcren eine interessante Vortragsreihe zum Thema \u201eNaturnahe Gartengestaltung\u201c an. Carolin Schepers, Zweckverband Bevorzugtes Erholungsgebiet Bad W\u00fcnnenberg\/B\u00fcren, ist Umweltplanerin und experimentiert leidenschaftlich gerne im eignen Garten.<\/p>\n\n\n\n<p>Im kommenden Vortrag werden zuerst die Grundlagen des naturnahen G\u00e4rtnerns, sowie die praktische Umsetzung kurz wiederholt. Hiernach geht Frau Schepers auf einzelne Tiergruppen und ihre Bed\u00fcrfnisse ein. Anhand von praktischen Beispielen wird beispielsweise die Funktion und der Bau einer Trockensteinmauer oder eines Gartenteichs erkl\u00e4rt. Ausklingen wird der Vortrag mit weiterf\u00fchrenden Informationen und praktischen Tipps.<\/p>\n\n\n\n<p>Die\nVortragsreihe soll vor allem die \u201eHobby-Naturg\u00e4rtner von Morgen\u201c ansprechen.\nGemeint sind all diejenigen, die gerne im eigenen Garten etwas f\u00fcr die Natur\nmachen m\u00f6chten, aber nicht genau wissen, wie sie anfangen sollen. Willkommen\nsind aber auch Gartenbesitzer, die ihren Garten pflegeleichter gestalten\nm\u00f6chten. <\/p>\n\n\n\n<p>Ziel der\nVeranstaltungen ist, das Umweltbewusstsein und die Artenvielfalt in der Region\ngemeinsam zu steigern und aufzuzeigen, wie man schon mit einfachen, kleinen\nMitteln seinen Beitrag f\u00fcr den Umweltschutz beisteuern kann. <\/p>\n\n\n\n<p><strong>Die Teilnahme ist kostenlos, eine Anmeldung ist aufgrund der corona-konformen Planung erw\u00fcnscht \u2013 Tel.: 0160 654 0232 oder <a href=\"mailto:erholungsgebiet@wuennenberg-bueren.de\">erholungsgebiet@wuennenberg-bueren.de<\/a>.<\/strong><\/p>\n\n\n\n<p><strong><span class=\"highlight\">Bitte tragen Sie einen medizinischen Mund- und Nasenschutz.<\/span><\/strong><\/p>\n\n\n\n<p><strong><span class=\"highlight\">Gem\u00e4\u00df der neuen Coronaschutzverordnung, welche ab dem 20. August 2021 in Kraft treten wird, ist ein negativer Antigen-Schnelltest (max. 48 Stunden alt) oder ein negativer PCR-Test (ebenfalls max. 48 Stunden alt) f\u00fcr nicht geimpfte oder genesene Teilnehmer erforderlich.<\/span><\/strong><\/p>\n\n\n\n<p><strong><span class=\"highlight\">Bitte pr\u00fcfen Sie jedoch am Tag der Veranstaltung die aktuellen Corona-Auflagen. Sollte diese Veranstaltung nicht stattfinden k\u00f6nnen, wid dies hier ver\u00f6ffentlicht.<\/span><\/strong><\/p>\n\n\n\n<div style=\"height:100px\" aria-hidden=\"true\" class=\"wp-block-spacer\"><\/div>\n\n\n\n<figure class=\"wp-block-image size-large\"><img loading=\"lazy\" decoding=\"async\" width=\"1024\" height=\"221\" src=\"https:\/\/www.wuennenberg-bueren.de\/zweckverband\/wp-content\/uploads\/2021\/08\/LEADER_Wurzgarten-1024x221.jpg\" alt=\"\" class=\"wp-image-925\" srcset=\"https:\/\/www.wuennenberg-bueren.de\/zweckverband\/wp-content\/uploads\/2021\/08\/LEADER_Wurzgarten-1024x221.jpg 1024w, https:\/\/www.wuennenberg-bueren.de\/zweckverband\/wp-content\/uploads\/2021\/08\/LEADER_Wurzgarten-300x65.jpg 300w, https:\/\/www.wuennenberg-bueren.de\/zweckverband\/wp-content\/uploads\/2021\/08\/LEADER_Wurzgarten-768x166.jpg 768w, https:\/\/www.wuennenberg-bueren.de\/zweckverband\/wp-content\/uploads\/2021\/08\/LEADER_Wurzgarten-1536x332.jpg 1536w, https:\/\/www.wuennenberg-bueren.de\/zweckverband\/wp-content\/uploads\/2021\/08\/LEADER_Wurzgarten.jpg 1862w\" sizes=\"auto, (max-width: 1024px) 100vw, 1024px\" \/><\/figure>\n","protected":false},"excerpt":{"rendered":"<p>Mittwoch, den 25. August um 18:00 UhrNiederm\u00fchle B\u00fcren, Bahnhofstra\u00dfe 20, 33142 B\u00fcren Im Rahmen des LEADER-Projektes \u201eWurzgarten B\u00fcren\u201c bietet der Zweckverband Bevorzugtes Erholungsgebiet Bad W\u00fcnnenberg\/B\u00fcren eine interessante Vortragsreihe zum Thema \u201eNaturnahe Gartengestaltung\u201c an. Carolin Schepers, Zweckverband Bevorzugtes Erholungsgebiet Bad W\u00fcnnenberg\/B\u00fcren, ist Umweltplanerin und experimentiert leidenschaftlich gerne im eignen Garten. Im [&hellip;]<\/p>\n","protected":false},"author":2,"featured_media":919,"comment_status":"closed","ping_status":"closed","sticky":false,"template":"","format":"standard","meta":{"footnotes":""},"categories":[11],"tags":[],"class_list":["post-918","post","type-post","status-publish","format-standard","has-post-thumbnail","hentry","category-veranstaltungsarchiv"],"_links":{"self":[{"href":"https:\/\/www.wuennenberg-bueren.de\/zweckverband\/wp-json\/wp\/v2\/posts\/918","targetHints":{"allow":["GET"]}}],"collection":[{"href":"https:\/\/www.wuennenberg-bueren.de\/zweckverband\/wp-json\/wp\/v2\/posts"}],"about":[{"href":"https:\/\/www.wuennenberg-bueren.de\/zweckverband\/wp-json\/wp\/v2\/types\/post"}],"author":[{"embeddable":true,"href":"https:\/\/www.wuennenberg-bueren.de\/zweckverband\/wp-json\/wp\/v2\/users\/2"}],"replies":[{"embeddable":true,"href":"https:\/\/www.wuennenberg-bueren.de\/zweckverband\/wp-json\/wp\/v2\/comments?post=918"}],"version-history":[{"count":3,"href":"https:\/\/www.wuennenberg-bueren.de\/zweckverband\/wp-json\/wp\/v2\/posts\/918\/revisions"}],"predecessor-version":[{"id":969,"href":"https:\/\/www.wuennenberg-bueren.de\/zweckverband\/wp-json\/wp\/v2\/posts\/918\/revisions\/969"}],"wp:featuredmedia":[{"embeddable":true,"href":"https:\/\/www.wuennenberg-bueren.de\/zweckverband\/wp-json\/wp\/v2\/media\/919"}],"wp:attachment":[{"href":"https:\/\/www.wuennenberg-bueren.de\/zweckverband\/wp-json\/wp\/v2\/media?parent=918"}],"wp:term":[{"taxonomy":"category","embeddable":true,"href":"https:\/\/www.wuennenberg-bueren.de\/zweckverband\/wp-json\/wp\/v2\/categories?post=918"},{"taxonomy":"post_tag","embeddable":true,"href":"https:\/\/www.wuennenberg-bueren.de\/zweckverband\/wp-json\/wp\/v2\/tags?post=918"}],"curies":[{"name":"wp","href":"https:\/\/api.w.org\/{rel}","templated":true}]}}