{"id":912,"date":"2021-07-15T16:30:46","date_gmt":"2021-07-15T14:30:46","guid":{"rendered":"https:\/\/www.wuennenberg-bueren.de\/zweckverband\/?p=912"},"modified":"2021-09-06T11:22:25","modified_gmt":"2021-09-06T09:22:25","slug":"fledermaus-exkursion-04-09-2021","status":"publish","type":"post","link":"https:\/\/www.wuennenberg-bueren.de\/zweckverband\/2021\/07\/15\/fledermaus-exkursion-04-09-2021\/","title":{"rendered":"Fledermaus-Exkursion &#8211; 04.09.2021"},"content":{"rendered":"\n<p><strong>Samstag, 04. September 2021 20:00 Uhr<\/strong><\/p>\n\n\n\n<p><strong>Aatalhaus, Am Kurpark 3, 33181 Bad W\u00fcnnenberg<\/strong><\/p>\n\n\n\n<p><strong>Fledermaus-Exkursion am Paddelteich<\/strong><\/p>\n\n\n\n<div style=\"height:59px\" aria-hidden=\"true\" class=\"wp-block-spacer\"><\/div>\n\n\n\n<p>Die mit den Ohren sehen und mit den H\u00e4nden fliegen \u2013 Einblicke in die faszinierende Welt der Flederm\u00e4use gibt es am Freitag, den 4. September, am Paddelteich in Bad W\u00fcnnenberg. Hier werden Fragen gekl\u00e4rt, warum Flederm\u00e4use mit den Ohren \u201esehen\u201c, was sie fressen, wo sie sich aufhalten und was Flederm\u00e4use im heimischen Garten besonders gerne m\u00f6gen. Mit Hilfe von Bat-Detektoren werden die Ultraschallsignale der fliegenden S\u00e4uger f\u00fcr das menschliche Ohr h\u00f6rbar gemacht. Kommen Sie mit und h\u00f6ren Sie es selbst!<\/p>\n\n\n\n<p>Treffpunkt ist um 20:00 am Aatalhaus, Am Kurpark 3, 33181 Bad W\u00fcnnenberg.<\/p>\n\n\n\n<p>Die Veranstaltung wird im Rahmen des ELER-Projektes \u201eArtenschutz f\u00fcr Flederm\u00e4use in Geb\u00e4uden\u201c vom Zweckverband Bevorzugtes Erholungsgebiet Bad W\u00fcnnenberg\/B\u00fcren angeboten. Geleitet wird die Veranstaltungen von Jutta Bergener, Biologischen Station Kreis Paderborn-Senne.<\/p>\n\n\n\n<p>Aufgrund der aktuellen Situation ist die Teilnehmerzahl beschr\u00e4nkt. <strong>Anmeldung bis 25. August unter Tel. 05250 \/ 708410 oder <a href=\"mailto:jutta.bergener@bs-paderborn-senne.de\">jutta.bergener@bs-paderborn-senne.de<\/a>.<\/strong><\/p>\n\n\n\n<p><strong>Bei Regen findet diese Veranstaltung nicht statt.<\/strong><\/p>\n\n\n\n<div style=\"height:59px\" aria-hidden=\"true\" class=\"wp-block-spacer\"><\/div>\n\n\n\n<figure class=\"wp-block-image size-large\"><img loading=\"lazy\" decoding=\"async\" width=\"1024\" height=\"442\" src=\"https:\/\/www.wuennenberg-bueren.de\/zweckverband\/wp-content\/uploads\/2021\/08\/ELER_Fledermaeuse-1024x442.jpg\" alt=\"\" class=\"wp-image-954\" srcset=\"https:\/\/www.wuennenberg-bueren.de\/zweckverband\/wp-content\/uploads\/2021\/08\/ELER_Fledermaeuse-1024x442.jpg 1024w, https:\/\/www.wuennenberg-bueren.de\/zweckverband\/wp-content\/uploads\/2021\/08\/ELER_Fledermaeuse-300x130.jpg 300w, https:\/\/www.wuennenberg-bueren.de\/zweckverband\/wp-content\/uploads\/2021\/08\/ELER_Fledermaeuse-768x332.jpg 768w, https:\/\/www.wuennenberg-bueren.de\/zweckverband\/wp-content\/uploads\/2021\/08\/ELER_Fledermaeuse-1536x663.jpg 1536w, https:\/\/www.wuennenberg-bueren.de\/zweckverband\/wp-content\/uploads\/2021\/08\/ELER_Fledermaeuse.jpg 1862w\" sizes=\"auto, (max-width: 1024px) 100vw, 1024px\" \/><\/figure>\n","protected":false},"excerpt":{"rendered":"<p>Samstag, 04. September 2021 20:00 Uhr Aatalhaus, Am Kurpark 3, 33181 Bad W\u00fcnnenberg Fledermaus-Exkursion am Paddelteich Die mit den Ohren sehen und mit den H\u00e4nden fliegen \u2013 Einblicke in die faszinierende Welt der Flederm\u00e4use gibt es am Freitag, den 4. September, am Paddelteich in Bad W\u00fcnnenberg. Hier werden Fragen gekl\u00e4rt, [&hellip;]<\/p>\n","protected":false},"author":2,"featured_media":585,"comment_status":"closed","ping_status":"closed","sticky":false,"template":"","format":"standard","meta":{"footnotes":""},"categories":[11],"tags":[],"class_list":["post-912","post","type-post","status-publish","format-standard","has-post-thumbnail","hentry","category-veranstaltungsarchiv"],"_links":{"self":[{"href":"https:\/\/www.wuennenberg-bueren.de\/zweckverband\/wp-json\/wp\/v2\/posts\/912","targetHints":{"allow":["GET"]}}],"collection":[{"href":"https:\/\/www.wuennenberg-bueren.de\/zweckverband\/wp-json\/wp\/v2\/posts"}],"about":[{"href":"https:\/\/www.wuennenberg-bueren.de\/zweckverband\/wp-json\/wp\/v2\/types\/post"}],"author":[{"embeddable":true,"href":"https:\/\/www.wuennenberg-bueren.de\/zweckverband\/wp-json\/wp\/v2\/users\/2"}],"replies":[{"embeddable":true,"href":"https:\/\/www.wuennenberg-bueren.de\/zweckverband\/wp-json\/wp\/v2\/comments?post=912"}],"version-history":[{"count":3,"href":"https:\/\/www.wuennenberg-bueren.de\/zweckverband\/wp-json\/wp\/v2\/posts\/912\/revisions"}],"predecessor-version":[{"id":956,"href":"https:\/\/www.wuennenberg-bueren.de\/zweckverband\/wp-json\/wp\/v2\/posts\/912\/revisions\/956"}],"wp:featuredmedia":[{"embeddable":true,"href":"https:\/\/www.wuennenberg-bueren.de\/zweckverband\/wp-json\/wp\/v2\/media\/585"}],"wp:attachment":[{"href":"https:\/\/www.wuennenberg-bueren.de\/zweckverband\/wp-json\/wp\/v2\/media?parent=912"}],"wp:term":[{"taxonomy":"category","embeddable":true,"href":"https:\/\/www.wuennenberg-bueren.de\/zweckverband\/wp-json\/wp\/v2\/categories?post=912"},{"taxonomy":"post_tag","embeddable":true,"href":"https:\/\/www.wuennenberg-bueren.de\/zweckverband\/wp-json\/wp\/v2\/tags?post=912"}],"curies":[{"name":"wp","href":"https:\/\/api.w.org\/{rel}","templated":true}]}}