{"id":89,"date":"2018-07-17T11:55:05","date_gmt":"2018-07-17T09:55:05","guid":{"rendered":"http:\/\/www.wuennenberg-bueren.de\/zweckverband\/?p=89"},"modified":"2022-11-24T13:12:05","modified_gmt":"2022-11-24T12:12:05","slug":"kolumne-mai-2018","status":"publish","type":"post","link":"https:\/\/www.wuennenberg-bueren.de\/zweckverband\/2018\/07\/17\/kolumne-mai-2018\/","title":{"rendered":"Was genau ist eigentlich eine Streuobstwiese?"},"content":{"rendered":"<p><span style=\"text-decoration: underline;\"><strong>Kolumne &#8211; Mai 2018<\/strong><\/span><\/p>\n<p><em>Sie fragen, der Zweckverband antwortet.<\/em><\/p>\n<p>Der Fr\u00fchling ist eingezogen, die Tage werden l\u00e4nger, die Temperaturen steigen und Streuobstwiesen verwandeln sich in wahre Bl\u00fctenmeere. Als Farbkleckse nun deutlich zu erkennen, scheinen Streuobstwiesen wahllos in der Landschaft \u201everstreut\u201c zu sein, daher wahrscheinlich auch der Name. Allerdings h\u00e4ngt dies mit den Standort-Eigenschaften zusammen, denn Obstbau wurde vornehmlich auf ung\u00fcnstigen Fl\u00e4chen betrieben, auf denen sich keine andere Nutzung lohnte. Dies waren beispielsweise Hangwiesen oder Senken, aber auch Fl\u00e4chen mit n\u00e4hrstoffarmen B\u00f6den. Kombiniert wurde der Obstbau meist mit extensiver Gr\u00fcndlandnutzung, sprich die Wiesen wurden f\u00fcr das Weidevieh oder die Mahd genutzt. Hierdurch entstanden strukturreiche Fl\u00e4chen mit sehr hoher Artenvielfalt, die besonders in der heutigen Zeit von gr\u00f6\u00dfter Bedeutung sind. Bis zu 5000 Tierarten nutzen Streuobstwiesen als R\u00fcckzugsgebiet, gr\u00f6\u00dftenteils Insekten, wie beispielsweise Wildbienen und Schmetterlinge, aber auch Flederm\u00e4use, Amphibien\/Reptilien und seltene V\u00f6gel, wie beispielsweise der Neunt\u00f6ter und der Gartenrotschwanz. F\u00fcr manche Arten ist der Erhalt von Streuobstwiesen sogar \u00fcberlebenswichtig, wie beispielsweise f\u00fcr den Steinkauz.<\/p>\n<p><em>Sie haben eine andere Frage? Schicken Sie sie einfach an <\/em><a href=\"mailto:erholungsgebiet@wuennenberg-bueren.de\"><em>erholungsgebiet@wuennenberg-bueren.de<\/em><\/a><em>.<\/em><\/p>\n<div id=\"attachment_28\" style=\"width: 693px\" class=\"wp-caption alignnone\"><img loading=\"lazy\" decoding=\"async\" aria-describedby=\"caption-attachment-28\" src=\"https:\/\/www.wuennenberg-bueren.de\/zweckverband\/wp-content\/uploads\/2018\/07\/Michaela_Steiniger-Streuobstwiese-1-683x1024.jpg\" alt=\"\" class=\"size-large wp-image-28\" width=\"683\" height=\"1024\" srcset=\"https:\/\/www.wuennenberg-bueren.de\/zweckverband\/wp-content\/uploads\/2018\/07\/Michaela_Steiniger-Streuobstwiese-1-683x1024.jpg 683w, https:\/\/www.wuennenberg-bueren.de\/zweckverband\/wp-content\/uploads\/2018\/07\/Michaela_Steiniger-Streuobstwiese-1-200x300.jpg 200w, https:\/\/www.wuennenberg-bueren.de\/zweckverband\/wp-content\/uploads\/2018\/07\/Michaela_Steiniger-Streuobstwiese-1-768x1152.jpg 768w, https:\/\/www.wuennenberg-bueren.de\/zweckverband\/wp-content\/uploads\/2018\/07\/Michaela_Steiniger-Streuobstwiese-1.jpg 1280w\" sizes=\"auto, (max-width: 683px) 100vw, 683px\" \/><p id=\"caption-attachment-28\" class=\"wp-caption-text\">Streuobstwiese &#8211; Foto: Michaela Steininger.<\/p><\/div>\n","protected":false},"excerpt":{"rendered":"<p>Kolumne &#8211; Mai 2018 Sie fragen, der Zweckverband antwortet. Der Fr\u00fchling ist eingezogen, die Tage werden l\u00e4nger, die Temperaturen steigen und Streuobstwiesen verwandeln sich in wahre Bl\u00fctenmeere. Als Farbkleckse nun deutlich zu erkennen, scheinen Streuobstwiesen wahllos in der Landschaft \u201everstreut\u201c zu sein, daher wahrscheinlich auch der Name. Allerdings h\u00e4ngt dies [&hellip;]<\/p>\n","protected":false},"author":2,"featured_media":28,"comment_status":"closed","ping_status":"closed","sticky":false,"template":"","format":"standard","meta":{"footnotes":""},"categories":[7],"tags":[],"class_list":["post-89","post","type-post","status-publish","format-standard","has-post-thumbnail","hentry","category-aktuelles"],"_links":{"self":[{"href":"https:\/\/www.wuennenberg-bueren.de\/zweckverband\/wp-json\/wp\/v2\/posts\/89","targetHints":{"allow":["GET"]}}],"collection":[{"href":"https:\/\/www.wuennenberg-bueren.de\/zweckverband\/wp-json\/wp\/v2\/posts"}],"about":[{"href":"https:\/\/www.wuennenberg-bueren.de\/zweckverband\/wp-json\/wp\/v2\/types\/post"}],"author":[{"embeddable":true,"href":"https:\/\/www.wuennenberg-bueren.de\/zweckverband\/wp-json\/wp\/v2\/users\/2"}],"replies":[{"embeddable":true,"href":"https:\/\/www.wuennenberg-bueren.de\/zweckverband\/wp-json\/wp\/v2\/comments?post=89"}],"version-history":[{"count":3,"href":"https:\/\/www.wuennenberg-bueren.de\/zweckverband\/wp-json\/wp\/v2\/posts\/89\/revisions"}],"predecessor-version":[{"id":1296,"href":"https:\/\/www.wuennenberg-bueren.de\/zweckverband\/wp-json\/wp\/v2\/posts\/89\/revisions\/1296"}],"wp:featuredmedia":[{"embeddable":true,"href":"https:\/\/www.wuennenberg-bueren.de\/zweckverband\/wp-json\/wp\/v2\/media\/28"}],"wp:attachment":[{"href":"https:\/\/www.wuennenberg-bueren.de\/zweckverband\/wp-json\/wp\/v2\/media?parent=89"}],"wp:term":[{"taxonomy":"category","embeddable":true,"href":"https:\/\/www.wuennenberg-bueren.de\/zweckverband\/wp-json\/wp\/v2\/categories?post=89"},{"taxonomy":"post_tag","embeddable":true,"href":"https:\/\/www.wuennenberg-bueren.de\/zweckverband\/wp-json\/wp\/v2\/tags?post=89"}],"curies":[{"name":"wp","href":"https:\/\/api.w.org\/{rel}","templated":true}]}}