{"id":83,"date":"2018-07-17T11:51:48","date_gmt":"2018-07-17T09:51:48","guid":{"rendered":"http:\/\/www.wuennenberg-bueren.de\/zweckverband\/?p=83"},"modified":"2018-10-24T12:58:59","modified_gmt":"2018-10-24T10:58:59","slug":"kolumne-februar-2018","status":"publish","type":"post","link":"https:\/\/www.wuennenberg-bueren.de\/zweckverband\/2018\/07\/17\/kolumne-februar-2018\/","title":{"rendered":"Warum wird im Wald nicht mehr aufger\u00e4umt?"},"content":{"rendered":"<p><span style=\"text-decoration: underline;\"><strong>Kolumne &#8211; Februar 2018<\/strong><\/span><\/p>\n<p><em>Sie fragen, der Zweckverband antwortet.<\/em><\/p>\n<p>Beim sonnt\u00e4glichen Familienspaziergang oder bei der Wanderung mit Gleichgesinnten ist dieses Thema bestimmt schon mal zur Sprache gekommen: in vielen W\u00e4ldern unserer Region wird es immer \u201eunordentlicher\u201c. Nicht jeder umgefallene Baum des letzten Sturms wird auch wegger\u00e4umt und nach der Holzernte werden manche \u00c4ste liegen gelassen. Viele fragen in diesem Zusammenhang nach dem Grund. Die Antwort ist einfach, denn sogenanntes \u201eTotholz\u201c ist ein Lebensraum f\u00fcr Hunderte von Pilzen, Insekten und Tieren. In Deutschland sind beispielsweise rund 25 Prozent aller K\u00e4ferarten von den verschiedenen Zerfallsstadien eines Baumstammes abh\u00e4ngig und auch der Gro\u00dfteil unserer 1000 Wespen- und Bienenarten kann ohne Totholz kaum \u00fcberleben. Aber nicht nur im Wald kann \u201eTotholz\u201c f\u00fcr die Artenvielfalt gesichert werden, sondern auch im eigenen Garten, indem beispielsweise ein Baumstamm zum verrotten liegen bleiben darf und abgeschnittene \u00c4ste als Benjeshecke\/Totholzhecke aufgeh\u00e4uft werden.<\/p>\n<p><em>Sie haben eine andere Frage? Schicken Sie sie einfach an <a href=\"mailto:erholungsgebiet@wuennenberg-bueren.de\">erholungsgebiet@wuennenberg-bueren.de<\/a>.<\/em><\/p>\n<div id=\"attachment_21\" style=\"width: 760px\" class=\"wp-caption alignnone\"><img loading=\"lazy\" decoding=\"async\" aria-describedby=\"caption-attachment-21\" src=\"https:\/\/www.wuennenberg-bueren.de\/zweckverband\/wp-content\/uploads\/2018\/07\/Christoph_Zimmermann-Totholz-1-1024x682.jpg\" alt=\"\" class=\"size-large wp-image-21\" width=\"750\" height=\"500\" srcset=\"https:\/\/www.wuennenberg-bueren.de\/zweckverband\/wp-content\/uploads\/2018\/07\/Christoph_Zimmermann-Totholz-1-1024x682.jpg 1024w, https:\/\/www.wuennenberg-bueren.de\/zweckverband\/wp-content\/uploads\/2018\/07\/Christoph_Zimmermann-Totholz-1-300x200.jpg 300w, https:\/\/www.wuennenberg-bueren.de\/zweckverband\/wp-content\/uploads\/2018\/07\/Christoph_Zimmermann-Totholz-1-768x512.jpg 768w, https:\/\/www.wuennenberg-bueren.de\/zweckverband\/wp-content\/uploads\/2018\/07\/Christoph_Zimmermann-Totholz-1-360x240.jpg 360w, https:\/\/www.wuennenberg-bueren.de\/zweckverband\/wp-content\/uploads\/2018\/07\/Christoph_Zimmermann-Totholz-1.jpg 1621w\" sizes=\"auto, (max-width: 750px) 100vw, 750px\" \/><p id=\"caption-attachment-21\" class=\"wp-caption-text\">Totholz im Wald &#8211; Foto: Christoph Zimmermann<\/p><\/div>\n","protected":false},"excerpt":{"rendered":"<p>Kolumne &#8211; Februar 2018 Sie fragen, der Zweckverband antwortet. Beim sonnt\u00e4glichen Familienspaziergang oder bei der Wanderung mit Gleichgesinnten ist dieses Thema bestimmt schon mal zur Sprache gekommen: in vielen W\u00e4ldern unserer Region wird es immer \u201eunordentlicher\u201c. Nicht jeder umgefallene Baum des letzten Sturms wird auch wegger\u00e4umt und nach der Holzernte [&hellip;]<\/p>\n","protected":false},"author":2,"featured_media":21,"comment_status":"closed","ping_status":"closed","sticky":false,"template":"","format":"standard","meta":{"footnotes":""},"categories":[7],"tags":[],"class_list":["post-83","post","type-post","status-publish","format-standard","has-post-thumbnail","hentry","category-aktuelles"],"_links":{"self":[{"href":"https:\/\/www.wuennenberg-bueren.de\/zweckverband\/wp-json\/wp\/v2\/posts\/83","targetHints":{"allow":["GET"]}}],"collection":[{"href":"https:\/\/www.wuennenberg-bueren.de\/zweckverband\/wp-json\/wp\/v2\/posts"}],"about":[{"href":"https:\/\/www.wuennenberg-bueren.de\/zweckverband\/wp-json\/wp\/v2\/types\/post"}],"author":[{"embeddable":true,"href":"https:\/\/www.wuennenberg-bueren.de\/zweckverband\/wp-json\/wp\/v2\/users\/2"}],"replies":[{"embeddable":true,"href":"https:\/\/www.wuennenberg-bueren.de\/zweckverband\/wp-json\/wp\/v2\/comments?post=83"}],"version-history":[{"count":2,"href":"https:\/\/www.wuennenberg-bueren.de\/zweckverband\/wp-json\/wp\/v2\/posts\/83\/revisions"}],"predecessor-version":[{"id":269,"href":"https:\/\/www.wuennenberg-bueren.de\/zweckverband\/wp-json\/wp\/v2\/posts\/83\/revisions\/269"}],"wp:featuredmedia":[{"embeddable":true,"href":"https:\/\/www.wuennenberg-bueren.de\/zweckverband\/wp-json\/wp\/v2\/media\/21"}],"wp:attachment":[{"href":"https:\/\/www.wuennenberg-bueren.de\/zweckverband\/wp-json\/wp\/v2\/media?parent=83"}],"wp:term":[{"taxonomy":"category","embeddable":true,"href":"https:\/\/www.wuennenberg-bueren.de\/zweckverband\/wp-json\/wp\/v2\/categories?post=83"},{"taxonomy":"post_tag","embeddable":true,"href":"https:\/\/www.wuennenberg-bueren.de\/zweckverband\/wp-json\/wp\/v2\/tags?post=83"}],"curies":[{"name":"wp","href":"https:\/\/api.w.org\/{rel}","templated":true}]}}