{"id":71,"date":"2018-07-17T11:43:33","date_gmt":"2018-07-17T09:43:33","guid":{"rendered":"http:\/\/www.wuennenberg-bueren.de\/zweckverband\/?p=71"},"modified":"2025-07-02T15:31:59","modified_gmt":"2025-07-02T13:31:59","slug":"sintfeld-hoehenweg","status":"publish","type":"post","link":"https:\/\/www.wuennenberg-bueren.de\/zweckverband\/2018\/07\/17\/sintfeld-hoehenweg\/","title":{"rendered":"Sintfeld-H\u00f6henweg"},"content":{"rendered":"<p><em>Der Zweckverband \u201eBevorzugtes Erholungsgebiet Bad W\u00fcnnenberg\/B\u00fcren\u201c engagiert sich ganz besonders in den Bereichen Naturerlebnis, Wandern und Radfahren. In jahrelanger Zusammenarbeit unterst\u00fctzt dieser die Bad W\u00fcnnenberg Touristik GmbH, die Touristik-Gemeinschaft B\u00fcrener Land e.V. und viele andere Institutionen.<\/em><\/p>\n<p>Die <strong>Brosch\u00fcren zum Sintfeld-H\u00f6henweg<\/strong> erhalten Sie \u00a0bei der <strong>Bad W\u00fcnnenberg Touristik GmbH (<\/strong>KuGa, Im Aatal 1, 33181 Bad W\u00fcnnenberg).<\/p>\n\n\t\t<style type=\"text\/css\">\n\t\t\t#gallery-1 {\n\t\t\t\tmargin: auto;\n\t\t\t}\n\t\t\t#gallery-1 .gallery-item {\n\t\t\t\tfloat: left;\n\t\t\t\tmargin-top: 10px;\n\t\t\t\ttext-align: center;\n\t\t\t\twidth: 50%;\n\t\t\t}\n\t\t\t#gallery-1 img {\n\t\t\t\tborder: 2px solid #cfcfcf;\n\t\t\t}\n\t\t\t#gallery-1 .gallery-caption {\n\t\t\t\tmargin-left: 0;\n\t\t\t}\n\t\t\t\/* see gallery_shortcode() in wp-includes\/media.php *\/\n\t\t<\/style>\n\t\t<div id='gallery-1' class='gallery galleryid-71 gallery-columns-2 gallery-size-thumbnail'><dl class='gallery-item'>\n\t\t\t<dt class='gallery-icon portrait'>\n\t\t\t\t<a href='https:\/\/www.wuennenberg-bueren.de\/zweckverband\/2018\/07\/17\/sintfeld-hoehenweg\/broschuere-sintfeld_hoehenweg_2\/'><img loading=\"lazy\" decoding=\"async\" width=\"150\" height=\"150\" src=\"https:\/\/www.wuennenberg-bueren.de\/zweckverband\/wp-content\/uploads\/2018\/07\/Broschuere-Sintfeld_Hoehenweg_2-e1534322731847-150x150.jpg\" class=\"attachment-thumbnail size-thumbnail\" alt=\"\" aria-describedby=\"gallery-1-219\" \/><\/a>\n\t\t\t<\/dt>\n\t\t\t\t<dd class='wp-caption-text gallery-caption' id='gallery-1-219'>\n\t\t\t\tBrosch\u00fcre &#8211; Sintfeld H\u00f6henweg\n\t\t\t\t<\/dd><\/dl><dl class='gallery-item'>\n\t\t\t<dt class='gallery-icon portrait'>\n\t\t\t\t<a href='https:\/\/www.wuennenberg-bueren.de\/zweckverband\/2018\/07\/17\/sintfeld-hoehenweg\/broschuere-sintfeld_hoehenweg\/'><img loading=\"lazy\" decoding=\"async\" width=\"150\" height=\"150\" src=\"https:\/\/www.wuennenberg-bueren.de\/zweckverband\/wp-content\/uploads\/2018\/07\/Broschuere.Sintfeld_Hoehenweg-e1534322838736-150x150.jpg\" class=\"attachment-thumbnail size-thumbnail\" alt=\"\" aria-describedby=\"gallery-1-220\" \/><\/a>\n\t\t\t<\/dt>\n\t\t\t\t<dd class='wp-caption-text gallery-caption' id='gallery-1-220'>\n\t\t\t\tBrosch\u00fcre &#8211; Sintfeld H\u00f6henweg\n\t\t\t\t<\/dd><\/dl><br style=\"clear: both\" \/>\n\t\t<\/div>\n\n<p><em>Bitte folgen Sie dem Link, um n\u00e4here Informationen zum Auenradweg zu erhalten:<\/em><\/p>\n<p><b>Projektb\u00fcro Sintfeld-H\u00f6henweg<\/b><\/p>\n<p><a href=\"https:\/\/www.sintfeld-hoehenweg.de\/\" class=\"customize-unpreviewable\" target=\"_blank\" rel=\"noopener\">www.sintfeld-hoehenweg.de<\/a><\/p>\n<p><strong>Bad W\u00fcnnenberg Touristik GmbH<\/strong><\/p>\n<p><a href=\"http:\/\/www.bad-wuennenberg-touristik.de\/bad-wuennenberg-touristik\/Sintfeld-Hoehenweg.php\" class=\"customize-unpreviewable\" target=\"_blank\" rel=\"noopener\">www.bad-wuennenberg-touristik.de\/bad-wuennenberg-touristik\/Sintfeld-Hoehenweg<\/a><\/p>\n<p><strong>Touristik-Gemeinschaft B\u00fcrener Land e.V.<\/strong><\/p>\n<p><a href=\"http:\/\/www.bueren.de\/tourismus\/wandern\/Sintfeld-Hoehenweg.php\" class=\"customize-unpreviewable\" target=\"_blank\" rel=\"noopener\">www.bueren.de\/tourismus\/wandern\/Sintfeld-Hoehenweg<\/a><\/p>\n<p class=\"title style-scope ytd-video-primary-info-renderer\"><strong>Am Sintfeld-H\u00f6henweg &#8211; Ringelsteiner Wald<\/strong><\/p>\n<p><iframe loading=\"lazy\" title=\"Am Sintfeld-H\u00f6henweg - Ringelsteiner Wald\" width=\"750\" height=\"422\" src=\"https:\/\/www.youtube.com\/embed\/sruCEQJ6Xg8?feature=oembed\" frameborder=\"0\" allow=\"accelerometer; autoplay; clipboard-write; encrypted-media; gyroscope; picture-in-picture; web-share\" referrerpolicy=\"strict-origin-when-cross-origin\" allowfullscreen><\/iframe><\/p>\n<p class=\"title style-scope ytd-video-primary-info-renderer\"><strong>Am Sintfeld-H\u00f6henweg: Im Leihberger Wald<\/strong><\/p>\n<p><iframe loading=\"lazy\" title=\"Am Sintfeld-H\u00f6henweg: Im Leihberger Wald\" width=\"750\" height=\"422\" src=\"https:\/\/www.youtube.com\/embed\/IW2xMYJXaEo?feature=oembed\" frameborder=\"0\" allow=\"accelerometer; autoplay; clipboard-write; encrypted-media; gyroscope; picture-in-picture; web-share\" referrerpolicy=\"strict-origin-when-cross-origin\" allowfullscreen><\/iframe><\/p>\n<p class=\"title style-scope ytd-video-primary-info-renderer\">Am Sintfeld-H\u00f6henweg &#8211; Im B\u00fcrener Wald<\/p>\n<p><iframe loading=\"lazy\" title=\"Am Sintfeld-H\u00f6henweg - Im B\u00fcrener Wald\" width=\"750\" height=\"422\" src=\"https:\/\/www.youtube.com\/embed\/bdYyq6t0Vxc?feature=oembed\" frameborder=\"0\" allow=\"accelerometer; autoplay; clipboard-write; encrypted-media; gyroscope; picture-in-picture; web-share\" referrerpolicy=\"strict-origin-when-cross-origin\" allowfullscreen><\/iframe><\/p>\n<p class=\"title style-scope ytd-video-primary-info-renderer\"><strong>Am Sintfeld-H\u00f6henweg &#8211; Die Musikantenecke<\/strong><\/p>\n<p><iframe loading=\"lazy\" title=\"Am Sintfeld-H\u00f6henweg - Die Musikantenecke\" width=\"750\" height=\"422\" src=\"https:\/\/www.youtube.com\/embed\/asg5S9QousY?feature=oembed\" frameborder=\"0\" allow=\"accelerometer; autoplay; clipboard-write; encrypted-media; gyroscope; picture-in-picture; web-share\" referrerpolicy=\"strict-origin-when-cross-origin\" allowfullscreen><\/iframe><\/p>\n<p class=\"title style-scope ytd-video-primary-info-renderer\">Am Sintfeld H\u00f6henweg &#8211; Die Alme- Oder l\u00e4uft hier etwas verkehrt?<\/p>\n<p><iframe loading=\"lazy\" title=\"Am Sintfeld H\u00f6henweg - Die Alme- Oder l\u00e4uft hier etwas verkehrt?\" width=\"750\" height=\"422\" src=\"https:\/\/www.youtube.com\/embed\/UmUFbf4mTjU?feature=oembed\" frameborder=\"0\" allow=\"accelerometer; autoplay; clipboard-write; encrypted-media; gyroscope; picture-in-picture; web-share\" referrerpolicy=\"strict-origin-when-cross-origin\" allowfullscreen><\/iframe><\/p>\n<p class=\"title style-scope ytd-video-primary-info-renderer\">Am Sintfeld-H\u00f6henweg: Der Rotmilan<\/p>\n<p><iframe loading=\"lazy\" title=\"Am Sintfeld-H\u00f6henweg: Der Rotmilan\" width=\"750\" height=\"422\" src=\"https:\/\/www.youtube.com\/embed\/RFCu9lP4_PY?feature=oembed\" frameborder=\"0\" allow=\"accelerometer; autoplay; clipboard-write; encrypted-media; gyroscope; picture-in-picture; web-share\" referrerpolicy=\"strict-origin-when-cross-origin\" allowfullscreen><\/iframe><\/p>\n","protected":false},"excerpt":{"rendered":"<p>Der Zweckverband \u201eBevorzugtes Erholungsgebiet Bad W\u00fcnnenberg\/B\u00fcren\u201c engagiert sich ganz besonders in den Bereichen Naturerlebnis, Wandern und Radfahren. In jahrelanger Zusammenarbeit unterst\u00fctzt dieser die Bad W\u00fcnnenberg Touristik GmbH, die Touristik-Gemeinschaft B\u00fcrener Land e.V. und viele andere Institutionen. Die Brosch\u00fcren zum Sintfeld-H\u00f6henweg erhalten Sie \u00a0bei der Bad W\u00fcnnenberg Touristik GmbH (KuGa, Im [&hellip;]<\/p>\n","protected":false},"author":2,"featured_media":37,"comment_status":"closed","ping_status":"closed","sticky":false,"template":"","format":"standard","meta":{"footnotes":""},"categories":[5],"tags":[],"class_list":["post-71","post","type-post","status-publish","format-standard","has-post-thumbnail","hentry","category-naturerlebnis"],"_links":{"self":[{"href":"https:\/\/www.wuennenberg-bueren.de\/zweckverband\/wp-json\/wp\/v2\/posts\/71","targetHints":{"allow":["GET"]}}],"collection":[{"href":"https:\/\/www.wuennenberg-bueren.de\/zweckverband\/wp-json\/wp\/v2\/posts"}],"about":[{"href":"https:\/\/www.wuennenberg-bueren.de\/zweckverband\/wp-json\/wp\/v2\/types\/post"}],"author":[{"embeddable":true,"href":"https:\/\/www.wuennenberg-bueren.de\/zweckverband\/wp-json\/wp\/v2\/users\/2"}],"replies":[{"embeddable":true,"href":"https:\/\/www.wuennenberg-bueren.de\/zweckverband\/wp-json\/wp\/v2\/comments?post=71"}],"version-history":[{"count":4,"href":"https:\/\/www.wuennenberg-bueren.de\/zweckverband\/wp-json\/wp\/v2\/posts\/71\/revisions"}],"predecessor-version":[{"id":2537,"href":"https:\/\/www.wuennenberg-bueren.de\/zweckverband\/wp-json\/wp\/v2\/posts\/71\/revisions\/2537"}],"wp:featuredmedia":[{"embeddable":true,"href":"https:\/\/www.wuennenberg-bueren.de\/zweckverband\/wp-json\/wp\/v2\/media\/37"}],"wp:attachment":[{"href":"https:\/\/www.wuennenberg-bueren.de\/zweckverband\/wp-json\/wp\/v2\/media?parent=71"}],"wp:term":[{"taxonomy":"category","embeddable":true,"href":"https:\/\/www.wuennenberg-bueren.de\/zweckverband\/wp-json\/wp\/v2\/categories?post=71"},{"taxonomy":"post_tag","embeddable":true,"href":"https:\/\/www.wuennenberg-bueren.de\/zweckverband\/wp-json\/wp\/v2\/tags?post=71"}],"curies":[{"name":"wp","href":"https:\/\/api.w.org\/{rel}","templated":true}]}}