{"id":476,"date":"2020-02-03T13:12:40","date_gmt":"2020-02-03T12:12:40","guid":{"rendered":"https:\/\/www.wuennenberg-bueren.de\/zweckverband\/?p=476"},"modified":"2020-08-31T07:53:48","modified_gmt":"2020-08-31T05:53:48","slug":"bueren-2-vortrag-pflanzen-im-naturnahen-garten","status":"publish","type":"post","link":"https:\/\/www.wuennenberg-bueren.de\/zweckverband\/2020\/02\/03\/bueren-2-vortrag-pflanzen-im-naturnahen-garten\/","title":{"rendered":"B\u00dcREN &#8211; 2. Vortrag &#8211; Pflanzen im naturnahen Garten &#8211; 11.08.2020"},"content":{"rendered":"\n<p><strong>Dienstag, 11. August 2020 18:00 Uhr<br>Niederm\u00fchle B\u00fcren, Bahnhofstra\u00dfe 20, 33142 B\u00fcren<\/strong><\/p>\n\n\n\n<p>Im Rahmen des\nLEADER-Projektes \u201eWurzgarten B\u00fcren\u201c bietet der Zweckverband Bevorzugtes\nErholungsgebiet Bad W\u00fcnnenberg\/B\u00fcren eine interessante Vortragsreihe zum Thema\n\u201eNaturnahe Gartengestaltung\u201c an. Carolin Schepers, Zweckverband Bevorzugtes\nErholungsgebiet Bad W\u00fcnnenberg\/B\u00fcren, ist Umweltplanerin und experimentiert\nleidenschaftlich gerne im eignen Garten.<\/p>\n\n\n\n<p>Im\nkommenden Vortrag werden heimische und naturgarten-taugliche Pflanzen\nvorgestellt. Frau Schepers geht hierbei nicht nur auf den Wuchs ein, sondern\nstellt auch Pflanzenbeispiele und Pflanzenkombinationen vor. Ausklingen wird\nder Vortrag mit weiterf\u00fchrenden Informationen und praktischen Tipps.<\/p>\n\n\n\n<p>Die\nVortragsreihe soll vor allem die \u201eHobby-Naturg\u00e4rtner von Morgen\u201c ansprechen.\nGemeint sind all diejenigen, die gerne im eigenen Garten etwas f\u00fcr die Natur\nmachen m\u00f6chten, aber nicht genau wissen, wie sie anfangen sollen. Willkommen\nsind aber auch Gartenbesitzer, die ihren Garten pflegeleichter gestalten\nm\u00f6chten. <\/p>\n\n\n\n<p>Ziel der\nVeranstaltungen ist, das Umweltbewusstsein und die Artenvielfalt in der Region\ngemeinsam zu steigern und aufzuzeigen, wie man schon mit einfachen, kleinen\nMitteln seinen Beitrag f\u00fcr den Umweltschutz beisteuern kann. <\/p>\n\n\n\n<p><strong>Bitte beachten<\/strong> <strong>Sie, dass die Teilnehmerzahl aufgrund der Corona-Pandemie begrenzt ist. Anmeldungen sind zwar nicht n\u00f6tig, aber zu empfehlen. <\/strong>Die Teilnahme ist kostenlos, Anmeldung beim Zweckverband Bevorzugtes Erholungsgebiet Bad W\u00fcnnenberg B\u00fcren, Tel: 0160 654 0232, E-Mail: <a href=\"mailto:erholungsgebiet@wuennenberg-bueren.de\">erholungsgebiet@wuennenberg-bueren.de<\/a>.<\/p>\n\n\n\n<p>Desweiteren m\u00fcssen die aktuellen Auflagen beachtet werden, ein Mund-Nasen-Schutz ist zu tragen.<\/p>\n","protected":false},"excerpt":{"rendered":"<p>Dienstag, 11. August 2020 18:00 UhrNiederm\u00fchle B\u00fcren, Bahnhofstra\u00dfe 20, 33142 B\u00fcren Im Rahmen des LEADER-Projektes \u201eWurzgarten B\u00fcren\u201c bietet der Zweckverband Bevorzugtes Erholungsgebiet Bad W\u00fcnnenberg\/B\u00fcren eine interessante Vortragsreihe zum Thema \u201eNaturnahe Gartengestaltung\u201c an. Carolin Schepers, Zweckverband Bevorzugtes Erholungsgebiet Bad W\u00fcnnenberg\/B\u00fcren, ist Umweltplanerin und experimentiert leidenschaftlich gerne im eignen Garten. Im kommenden [&hellip;]<\/p>\n","protected":false},"author":2,"featured_media":471,"comment_status":"closed","ping_status":"closed","sticky":false,"template":"","format":"standard","meta":{"footnotes":""},"categories":[11],"tags":[],"class_list":["post-476","post","type-post","status-publish","format-standard","has-post-thumbnail","hentry","category-veranstaltungsarchiv"],"_links":{"self":[{"href":"https:\/\/www.wuennenberg-bueren.de\/zweckverband\/wp-json\/wp\/v2\/posts\/476","targetHints":{"allow":["GET"]}}],"collection":[{"href":"https:\/\/www.wuennenberg-bueren.de\/zweckverband\/wp-json\/wp\/v2\/posts"}],"about":[{"href":"https:\/\/www.wuennenberg-bueren.de\/zweckverband\/wp-json\/wp\/v2\/types\/post"}],"author":[{"embeddable":true,"href":"https:\/\/www.wuennenberg-bueren.de\/zweckverband\/wp-json\/wp\/v2\/users\/2"}],"replies":[{"embeddable":true,"href":"https:\/\/www.wuennenberg-bueren.de\/zweckverband\/wp-json\/wp\/v2\/comments?post=476"}],"version-history":[{"count":6,"href":"https:\/\/www.wuennenberg-bueren.de\/zweckverband\/wp-json\/wp\/v2\/posts\/476\/revisions"}],"predecessor-version":[{"id":646,"href":"https:\/\/www.wuennenberg-bueren.de\/zweckverband\/wp-json\/wp\/v2\/posts\/476\/revisions\/646"}],"wp:featuredmedia":[{"embeddable":true,"href":"https:\/\/www.wuennenberg-bueren.de\/zweckverband\/wp-json\/wp\/v2\/media\/471"}],"wp:attachment":[{"href":"https:\/\/www.wuennenberg-bueren.de\/zweckverband\/wp-json\/wp\/v2\/media?parent=476"}],"wp:term":[{"taxonomy":"category","embeddable":true,"href":"https:\/\/www.wuennenberg-bueren.de\/zweckverband\/wp-json\/wp\/v2\/categories?post=476"},{"taxonomy":"post_tag","embeddable":true,"href":"https:\/\/www.wuennenberg-bueren.de\/zweckverband\/wp-json\/wp\/v2\/tags?post=476"}],"curies":[{"name":"wp","href":"https:\/\/api.w.org\/{rel}","templated":true}]}}