{"id":2841,"date":"2026-05-01T07:00:00","date_gmt":"2026-05-01T05:00:00","guid":{"rendered":"https:\/\/www.wuennenberg-bueren.de\/zweckverband\/?p=2841"},"modified":"2026-04-20T11:35:01","modified_gmt":"2026-04-20T09:35:01","slug":"ganz-praktisch-weniger-arbeit-mehr-garten","status":"publish","type":"post","link":"https:\/\/www.wuennenberg-bueren.de\/zweckverband\/2026\/05\/01\/ganz-praktisch-weniger-arbeit-mehr-garten\/","title":{"rendered":"Ganz praktisch: Weniger Arbeit, mehr Garten"},"content":{"rendered":"\n<p><strong>Mai 2026<\/strong><\/p>\n\n\n\n<p>Der Nachbar m\u00e4ht, die Sonne lacht \u2013 und ich bin hochmotiviert f\u00fcr die neue Gartensaison. Mein Traum: ein Garten, in dem ich alles kann, aber nichts muss.<\/p>\n\n\n\n<p>Statt einfach drauflos zu g\u00e4rtnern, stelle ich mir deshalb eine andere Frage: Was mag ich eigentlich nicht im Garten? Bei mir sind das vor allem das Gie\u00dfen und das Unkrautj\u00e4ten. Wobei ich finde: Unkraut gibt es gar nicht \u2013 nur Pflanzen, von denen es manchmal einfach zu viele gibt.<\/p>\n\n\n\n<div style=\"height:55px\" aria-hidden=\"true\" class=\"wp-block-spacer\"><\/div>\n\n\n\n<figure class=\"wp-block-image size-large\"><img loading=\"lazy\" decoding=\"async\" width=\"1024\" height=\"574\" src=\"https:\/\/www.wuennenberg-bueren.de\/zweckverband\/wp-content\/uploads\/2026\/04\/Gaertnern-AmbreVEGA_5-1024x574.jpg\" alt=\"\" class=\"wp-image-2842\" srcset=\"https:\/\/www.wuennenberg-bueren.de\/zweckverband\/wp-content\/uploads\/2026\/04\/Gaertnern-AmbreVEGA_5-1024x574.jpg 1024w, https:\/\/www.wuennenberg-bueren.de\/zweckverband\/wp-content\/uploads\/2026\/04\/Gaertnern-AmbreVEGA_5-300x168.jpg 300w, https:\/\/www.wuennenberg-bueren.de\/zweckverband\/wp-content\/uploads\/2026\/04\/Gaertnern-AmbreVEGA_5-768x431.jpg 768w, https:\/\/www.wuennenberg-bueren.de\/zweckverband\/wp-content\/uploads\/2026\/04\/Gaertnern-AmbreVEGA_5.jpg 1280w\" sizes=\"auto, (max-width: 1024px) 100vw, 1024px\" \/><figcaption class=\"wp-element-caption\">Gie\u00dfen und Unkrautj\u00e4ten &#8211;  auf beides kann ich gerne verzichten. Foto: AmbreVEGA, Pixabay.<\/figcaption><\/figure>\n\n\n\n<div style=\"height:55px\" aria-hidden=\"true\" class=\"wp-block-spacer\"><\/div>\n\n\n\n<p>Also setze ich gezielt auf Pflanzen, die mit wenig Wasser auskommen. Heimische Stauden wie Tauben-Skabiose oder Wilde M\u00f6hre eignen sich daf\u00fcr wunderbar. Ganz ohne Gie\u00dfen geht es bei mir trotzdem nicht \u2013 daf\u00fcr esse ich einfach zu gern Zucchini und Tomaten. Aber ich beschr\u00e4nke mich aufs N\u00f6tigste, nutze ausschlie\u00dflich Regenwasser und gehe sparsam damit um.<\/p>\n\n\n\n<p>Ein echter Gamechanger ist f\u00fcr mich das Mulchen. Allerdings nicht mit Rindenmulch, sondern ganz unkompliziert mit dem, was im Garten ohnehin anf\u00e4llt: Rasenschnitt, Laub oder verwelkte Bl\u00fcten. So bleibt die Feuchtigkeit im Boden, und ich muss deutlich weniger gie\u00dfen. Ganz nebenbei spare ich mir auch noch den Gang zur Biotonne.<\/p>\n\n\n\n<div style=\"height:55px\" aria-hidden=\"true\" class=\"wp-block-spacer\"><\/div>\n\n\n\n<figure class=\"wp-block-gallery has-nested-images columns-default is-cropped wp-block-gallery-1 is-layout-flex wp-block-gallery-is-layout-flex\">\n<figure class=\"wp-block-image size-large\"><img loading=\"lazy\" decoding=\"async\" width=\"768\" height=\"1024\" data-id=\"2843\" src=\"https:\/\/www.wuennenberg-bueren.de\/zweckverband\/wp-content\/uploads\/2026\/04\/Mulch-Heckenschnitt-768x1024.jpeg\" alt=\"\" class=\"wp-image-2843\" srcset=\"https:\/\/www.wuennenberg-bueren.de\/zweckverband\/wp-content\/uploads\/2026\/04\/Mulch-Heckenschnitt-768x1024.jpeg 768w, https:\/\/www.wuennenberg-bueren.de\/zweckverband\/wp-content\/uploads\/2026\/04\/Mulch-Heckenschnitt-225x300.jpeg 225w, https:\/\/www.wuennenberg-bueren.de\/zweckverband\/wp-content\/uploads\/2026\/04\/Mulch-Heckenschnitt-1152x1536.jpeg 1152w, https:\/\/www.wuennenberg-bueren.de\/zweckverband\/wp-content\/uploads\/2026\/04\/Mulch-Heckenschnitt.jpeg 1530w\" sizes=\"auto, (max-width: 768px) 100vw, 768px\" \/><figcaption class=\"wp-element-caption\">Mulchen mit Heckenschnitt<\/figcaption><\/figure>\n\n\n\n<figure class=\"wp-block-image size-large\"><img loading=\"lazy\" decoding=\"async\" width=\"768\" height=\"1024\" data-id=\"2844\" src=\"https:\/\/www.wuennenberg-bueren.de\/zweckverband\/wp-content\/uploads\/2026\/04\/Mulch-Stroh-768x1024.jpeg\" alt=\"\" class=\"wp-image-2844\" srcset=\"https:\/\/www.wuennenberg-bueren.de\/zweckverband\/wp-content\/uploads\/2026\/04\/Mulch-Stroh-768x1024.jpeg 768w, https:\/\/www.wuennenberg-bueren.de\/zweckverband\/wp-content\/uploads\/2026\/04\/Mulch-Stroh-225x300.jpeg 225w, https:\/\/www.wuennenberg-bueren.de\/zweckverband\/wp-content\/uploads\/2026\/04\/Mulch-Stroh-1152x1536.jpeg 1152w, https:\/\/www.wuennenberg-bueren.de\/zweckverband\/wp-content\/uploads\/2026\/04\/Mulch-Stroh.jpeg 1530w\" sizes=\"auto, (max-width: 768px) 100vw, 768px\" \/><figcaption class=\"wp-element-caption\">Mulchen mit Stroh<\/figcaption><\/figure>\n<\/figure>\n\n\n\n<div style=\"height:55px\" aria-hidden=\"true\" class=\"wp-block-spacer\"><\/div>\n\n\n\n<p>Bleibt noch das leidige Thema Unkrautj\u00e4ten. Hier schaue ich zuerst: Welche Pflanze m\u00f6chte ich \u00fcberhaupt reduzieren? Bei mir ist das vor allem der Giersch, weil er andere Pflanzen schnell verdr\u00e4ngt. Statt st\u00e4ndig zu j\u00e4ten, setze ich auf Konkurrenz: Pflanzen, die sich gut behaupten k\u00f6nnen. Ein Favorit ist das Herzgespann \u2013 es treibt fr\u00fch im Jahr aus und ist dem Giersch damit einen Schritt voraus. Auch die Brennnessel l\u00e4sst sich nicht unterkriegen und ist obendrein in der K\u00fcche vielseitig verwendbar. Eine echte Allround-Pflanze.<\/p>\n\n\n\n<p>Und ja \u2013 auch Giersch kann man essen. Aber so viel dann eben auch wieder nicht.<\/p>\n\n\n\n<p>Praktisch ist, dass mir das Mulchen auch hier in die Karten spielt: Es unterdr\u00fcckt einen Teil des Gierschaufwuchses gleich mit. Gleichzeitig entsteht Humus, der den Boden verbessert und meine Pflanzen gut versorgt. So spare ich mir eine Menge Zeit \u2013 und das Gierschzupfen wird deutlich weniger.<\/p>\n\n\n\n<div style=\"height:55px\" aria-hidden=\"true\" class=\"wp-block-spacer\"><\/div>\n\n\n\n<figure class=\"wp-block-gallery has-nested-images columns-default is-cropped wp-block-gallery-2 is-layout-flex wp-block-gallery-is-layout-flex\">\n<figure class=\"wp-block-image size-large\"><img loading=\"lazy\" decoding=\"async\" width=\"768\" height=\"1024\" data-id=\"2846\" src=\"https:\/\/www.wuennenberg-bueren.de\/zweckverband\/wp-content\/uploads\/2026\/04\/Herzgespann-C_Schepers-44-768x1024.jpg\" alt=\"\" class=\"wp-image-2846\" srcset=\"https:\/\/www.wuennenberg-bueren.de\/zweckverband\/wp-content\/uploads\/2026\/04\/Herzgespann-C_Schepers-44-768x1024.jpg 768w, https:\/\/www.wuennenberg-bueren.de\/zweckverband\/wp-content\/uploads\/2026\/04\/Herzgespann-C_Schepers-44-225x300.jpg 225w, https:\/\/www.wuennenberg-bueren.de\/zweckverband\/wp-content\/uploads\/2026\/04\/Herzgespann-C_Schepers-44-1152x1536.jpg 1152w, https:\/\/www.wuennenberg-bueren.de\/zweckverband\/wp-content\/uploads\/2026\/04\/Herzgespann-C_Schepers-44-1536x2048.jpg 1536w, https:\/\/www.wuennenberg-bueren.de\/zweckverband\/wp-content\/uploads\/2026\/04\/Herzgespann-C_Schepers-44-scaled.jpg 1920w\" sizes=\"auto, (max-width: 768px) 100vw, 768px\" \/><figcaption class=\"wp-element-caption\">Das Herzgespann setzt sich nicht nur gut gegen Unkraut durch&#8230;<\/figcaption><\/figure>\n\n\n\n<figure class=\"wp-block-image size-large\"><img loading=\"lazy\" decoding=\"async\" width=\"768\" height=\"1024\" data-id=\"2845\" src=\"https:\/\/www.wuennenberg-bueren.de\/zweckverband\/wp-content\/uploads\/2026\/04\/Herzgespann-C_Schepers-39-768x1024.jpg\" alt=\"\" class=\"wp-image-2845\" srcset=\"https:\/\/www.wuennenberg-bueren.de\/zweckverband\/wp-content\/uploads\/2026\/04\/Herzgespann-C_Schepers-39-768x1024.jpg 768w, https:\/\/www.wuennenberg-bueren.de\/zweckverband\/wp-content\/uploads\/2026\/04\/Herzgespann-C_Schepers-39-225x300.jpg 225w, https:\/\/www.wuennenberg-bueren.de\/zweckverband\/wp-content\/uploads\/2026\/04\/Herzgespann-C_Schepers-39-1152x1536.jpg 1152w, https:\/\/www.wuennenberg-bueren.de\/zweckverband\/wp-content\/uploads\/2026\/04\/Herzgespann-C_Schepers-39-1536x2048.jpg 1536w, https:\/\/www.wuennenberg-bueren.de\/zweckverband\/wp-content\/uploads\/2026\/04\/Herzgespann-C_Schepers-39-scaled.jpg 1920w\" sizes=\"auto, (max-width: 768px) 100vw, 768px\" \/><figcaption class=\"wp-element-caption\">&#8230; sondern ist auch bei den Insekten sehr beliebt.<\/figcaption><\/figure>\n<\/figure>\n\n\n\n<div style=\"height:55px\" aria-hidden=\"true\" class=\"wp-block-spacer\"><\/div>\n\n\n\n<p>Seht ihr? Viele Ma\u00dfnahmen greifen ineinander und unterst\u00fctzen sich gegenseitig. Genau das ist auch einer der Grundgedanken der Permakultur: nat\u00fcrliche Kreisl\u00e4ufe nutzen und den Garten so gestalten, dass alles m\u00f6glichst nachhaltig zusammenarbeitet.<\/p>\n\n\n\n<p>Probiert es doch mal aus: Welche Aufgaben m\u00f6gt ihr im Garten am wenigsten \u2013 und wie geht ihr damit um?<\/p>\n\n\n\n<h2 class=\"wp-block-heading\">Ich bin gespannt auf eure Erfahrungen!<\/h2>\n\n\n\n<h2 class=\"wp-block-heading\">Eure Caro<\/h2>\n\n\n\n<div style=\"height:55px\" aria-hidden=\"true\" class=\"wp-block-spacer\"><\/div>\n\n\n\n<div class=\"wp-block-media-text is-stacked-on-mobile\"><figure class=\"wp-block-media-text__media\"><img loading=\"lazy\" decoding=\"async\" width=\"1024\" height=\"680\" src=\"https:\/\/www.wuennenberg-bueren.de\/zweckverband\/wp-content\/uploads\/2025\/03\/Blumenwiese_5-David_Seifert-1024x680.jpg\" alt=\"\" class=\"wp-image-2474 size-full\" srcset=\"https:\/\/www.wuennenberg-bueren.de\/zweckverband\/wp-content\/uploads\/2025\/03\/Blumenwiese_5-David_Seifert-1024x680.jpg 1024w, https:\/\/www.wuennenberg-bueren.de\/zweckverband\/wp-content\/uploads\/2025\/03\/Blumenwiese_5-David_Seifert-300x199.jpg 300w, https:\/\/www.wuennenberg-bueren.de\/zweckverband\/wp-content\/uploads\/2025\/03\/Blumenwiese_5-David_Seifert-768x510.jpg 768w, https:\/\/www.wuennenberg-bueren.de\/zweckverband\/wp-content\/uploads\/2025\/03\/Blumenwiese_5-David_Seifert-360x240.jpg 360w, https:\/\/www.wuennenberg-bueren.de\/zweckverband\/wp-content\/uploads\/2025\/03\/Blumenwiese_5-David_Seifert.jpg 1280w\" sizes=\"auto, (max-width: 1024px) 100vw, 1024px\" \/><\/figure><div class=\"wp-block-media-text__content\">\n<p><strong>Du weisst nicht, wie du deinen in dein Paradies verwandeln sollst? <\/strong><\/p>\n\n\n\n<p>Dann schau doch mal vorbei:<\/p>\n\n\n\n<p><a href=\"https:\/\/www.wuennenberg-bueren.de\/zweckverband\/category\/veranstaltungen\/\" target=\"_blank\" rel=\"noreferrer noopener\">Alle Veranstaltungen findest du hier auf dieser Internetseite: Veranstaltungen.<\/a><\/p>\n<\/div><\/div>\n\n\n\n<div style=\"height:74px\" aria-hidden=\"true\" class=\"wp-block-spacer\"><\/div>\n\n\n<div class=\"wp-block-image\">\n<figure class=\"alignright size-large is-resized\"><a href=\"https:\/\/www.instagram.com\/badwuennenberg.bueren?igsh=d3JjMnd0ZjY1YXk3\" target=\"_blank\" rel=\"noreferrer noopener\"><img loading=\"lazy\" decoding=\"async\" width=\"891\" height=\"1024\" src=\"https:\/\/www.wuennenberg-bueren.de\/zweckverband\/wp-content\/uploads\/2025\/01\/Insta_QR-891x1024.jpg\" alt=\"\" class=\"wp-image-2147\" style=\"width:209px;height:auto\" srcset=\"https:\/\/www.wuennenberg-bueren.de\/zweckverband\/wp-content\/uploads\/2025\/01\/Insta_QR-891x1024.jpg 891w, https:\/\/www.wuennenberg-bueren.de\/zweckverband\/wp-content\/uploads\/2025\/01\/Insta_QR-261x300.jpg 261w, https:\/\/www.wuennenberg-bueren.de\/zweckverband\/wp-content\/uploads\/2025\/01\/Insta_QR-768x882.jpg 768w, https:\/\/www.wuennenberg-bueren.de\/zweckverband\/wp-content\/uploads\/2025\/01\/Insta_QR-1337x1536.jpg 1337w, https:\/\/www.wuennenberg-bueren.de\/zweckverband\/wp-content\/uploads\/2025\/01\/Insta_QR-1783x2048.jpg 1783w\" sizes=\"auto, (max-width: 891px) 100vw, 891px\" \/><\/a><\/figure>\n<\/div>\n\n\n<p><em><em>Mehr zu Naturschutzthemen, naturnahem Wandern oder <\/em><a href=\"https:\/\/www.wuennenberg-bueren.de\/zweckverband\/category\/naturnahe-gartengestaltung\/\"><em>Naturnahe Gartengestaltung<\/em><\/a><em> <\/em>findest du auf meiner Internetseite <\/em><a href=\"http:\/\/www.wuennenberg-bueren.de\">www.wuennenberg-bueren.de<\/a><em> oder auf Instagram unter <\/em><a href=\"https:\/\/www.instagram.com\/badwuennenberg.bueren?igsh=d3JjMnd0ZjY1YXk3\">@badwuennenberg.bueren<\/a><em>.<\/em><\/p>\n\n\n\n<p><em>Hast du eine Frage? Dann schick sie&nbsp;einfach an <\/em><a href=\"mailto:erholungsgebiet@wuennenberg-bueren.de\"><em>erholungsgebiet@wuennenberg-bueren.de<\/em><\/a><em>.<\/em><\/p>\n\n\n\n<div style=\"height:69px\" aria-hidden=\"true\" class=\"wp-block-spacer\"><\/div>\n","protected":false},"excerpt":{"rendered":"<p>Mai 2026 Der Nachbar m\u00e4ht, die Sonne lacht \u2013 und ich bin hochmotiviert f\u00fcr die neue Gartensaison. Mein Traum: ein Garten, in dem ich alles kann, aber nichts muss. Statt einfach drauflos zu g\u00e4rtnern, stelle ich mir deshalb eine andere Frage: Was mag ich eigentlich nicht im Garten? Bei mir [&hellip;]<\/p>\n","protected":false},"author":2,"featured_media":2842,"comment_status":"closed","ping_status":"closed","sticky":false,"template":"","format":"standard","meta":{"footnotes":""},"categories":[7,21],"tags":[],"class_list":["post-2841","post","type-post","status-publish","format-standard","has-post-thumbnail","hentry","category-aktuelles","category-naturnahe-gartengestaltung"],"_links":{"self":[{"href":"https:\/\/www.wuennenberg-bueren.de\/zweckverband\/wp-json\/wp\/v2\/posts\/2841","targetHints":{"allow":["GET"]}}],"collection":[{"href":"https:\/\/www.wuennenberg-bueren.de\/zweckverband\/wp-json\/wp\/v2\/posts"}],"about":[{"href":"https:\/\/www.wuennenberg-bueren.de\/zweckverband\/wp-json\/wp\/v2\/types\/post"}],"author":[{"embeddable":true,"href":"https:\/\/www.wuennenberg-bueren.de\/zweckverband\/wp-json\/wp\/v2\/users\/2"}],"replies":[{"embeddable":true,"href":"https:\/\/www.wuennenberg-bueren.de\/zweckverband\/wp-json\/wp\/v2\/comments?post=2841"}],"version-history":[{"count":1,"href":"https:\/\/www.wuennenberg-bueren.de\/zweckverband\/wp-json\/wp\/v2\/posts\/2841\/revisions"}],"predecessor-version":[{"id":2847,"href":"https:\/\/www.wuennenberg-bueren.de\/zweckverband\/wp-json\/wp\/v2\/posts\/2841\/revisions\/2847"}],"wp:featuredmedia":[{"embeddable":true,"href":"https:\/\/www.wuennenberg-bueren.de\/zweckverband\/wp-json\/wp\/v2\/media\/2842"}],"wp:attachment":[{"href":"https:\/\/www.wuennenberg-bueren.de\/zweckverband\/wp-json\/wp\/v2\/media?parent=2841"}],"wp:term":[{"taxonomy":"category","embeddable":true,"href":"https:\/\/www.wuennenberg-bueren.de\/zweckverband\/wp-json\/wp\/v2\/categories?post=2841"},{"taxonomy":"post_tag","embeddable":true,"href":"https:\/\/www.wuennenberg-bueren.de\/zweckverband\/wp-json\/wp\/v2\/tags?post=2841"}],"curies":[{"name":"wp","href":"https:\/\/api.w.org\/{rel}","templated":true}]}}