{"id":2757,"date":"2026-03-01T07:00:00","date_gmt":"2026-03-01T06:00:00","guid":{"rendered":"https:\/\/www.wuennenberg-bueren.de\/zweckverband\/?p=2757"},"modified":"2026-02-18T15:59:56","modified_gmt":"2026-02-18T14:59:56","slug":"gartenleben","status":"publish","type":"post","link":"https:\/\/www.wuennenberg-bueren.de\/zweckverband\/2026\/03\/01\/gartenleben\/","title":{"rendered":"Garten leben anstatt Gartenarbeit"},"content":{"rendered":"\n<p><strong>M\u00e4rz 2026<\/strong><\/p>\n\n\n\n<p>Gleich vorweg: Finger weg von der Heckenschere. Ab M\u00e4rz ist Brut- und Setzzeit \u2013 also keine \u201eIch-schneide-hier-alles-ab\u201c-Zeit. Ab jetzt wird Gartenarbeit kleingeschrieben. Wobei wir ehrlich sein sollten: \u201eArbeit\u201c hat im Garten eigentlich nichts zu suchen. Es hei\u00dft ja schlie\u00dflich auch nicht Radfahrarbeit oder Yogaarbeit.<\/p>\n\n\n\n<div style=\"height:55px\" aria-hidden=\"true\" class=\"wp-block-spacer\"><\/div>\n\n\n\n<figure class=\"wp-block-image size-large\"><img loading=\"lazy\" decoding=\"async\" width=\"1024\" height=\"705\" src=\"https:\/\/www.wuennenberg-bueren.de\/zweckverband\/wp-content\/uploads\/2026\/02\/Brut-Setzzeit-1024x705.jpg\" alt=\"\" class=\"wp-image-2758\" srcset=\"https:\/\/www.wuennenberg-bueren.de\/zweckverband\/wp-content\/uploads\/2026\/02\/Brut-Setzzeit-1024x705.jpg 1024w, https:\/\/www.wuennenberg-bueren.de\/zweckverband\/wp-content\/uploads\/2026\/02\/Brut-Setzzeit-300x206.jpg 300w, https:\/\/www.wuennenberg-bueren.de\/zweckverband\/wp-content\/uploads\/2026\/02\/Brut-Setzzeit-768x529.jpg 768w, https:\/\/www.wuennenberg-bueren.de\/zweckverband\/wp-content\/uploads\/2026\/02\/Brut-Setzzeit.jpg 1280w\" sizes=\"auto, (max-width: 1024px) 100vw, 1024px\" \/><figcaption class=\"wp-element-caption\">Finger weg von der Heckenschere. Ab M\u00e4rz ist Brut- und Setzzeit. Foto: barskefranck, Pixabay.<\/figcaption><\/figure>\n\n\n\n<div style=\"height:55px\" aria-hidden=\"true\" class=\"wp-block-spacer\"><\/div>\n\n\n\n<p>Garten ist etwas Sch\u00f6nes. Und statt l\u00e4stige \u201eArbeiten\u201c zu verrichten, d\u00fcrfen wir Teil eines gro\u00dfen Ganzen sein. Daf\u00fcr braucht es allerdings einen Garten, der zu uns passt.<\/p>\n\n\n\n<p>Wenn ich therapeutische Ruhe beim Unkrautzupfen versp\u00fcre, darf mein Garten aus filigranen heimischen Pflanzen bestehen, deren zarte Bl\u00fcten und Bl\u00e4tter man aus n\u00e4chster N\u00e4he bewundert. Tut mir allerdings nach f\u00fcnf Minuten das Kreuz weh und ich fluche wie ein Rohrspatz \u00fcber das elendige Beikraut, pflanze ich besser robuste, konkurrenzstarke heimische Stauden, die es auch mit Giersch aufnehmen k\u00f6nnen. Mein pers\u00f6nlicher Favorit: Herzgespann. Will nichts, kann aber alles.<\/p>\n\n\n\n<p>Wenn ich gerne nasche und koche, sollte mein Garten eine kulinarische Reise sein. Tomatenso\u00dfe direkt aus dem Beet zum Selberpfl\u00fccken. Und wenn es im Haus nach warmem Apfelkuchen duften soll, darf ein Apfelbaum nat\u00fcrlich nicht fehlen.<\/p>\n\n\n\n<div style=\"height:55px\" aria-hidden=\"true\" class=\"wp-block-spacer\"><\/div>\n\n\n\n<figure class=\"wp-block-image size-large\"><img loading=\"lazy\" decoding=\"async\" width=\"1024\" height=\"683\" src=\"https:\/\/www.wuennenberg-bueren.de\/zweckverband\/wp-content\/uploads\/2026\/02\/Gemuese-753tomas753_1-1024x683.jpg\" alt=\"\" class=\"wp-image-2759\" srcset=\"https:\/\/www.wuennenberg-bueren.de\/zweckverband\/wp-content\/uploads\/2026\/02\/Gemuese-753tomas753_1-1024x683.jpg 1024w, https:\/\/www.wuennenberg-bueren.de\/zweckverband\/wp-content\/uploads\/2026\/02\/Gemuese-753tomas753_1-300x200.jpg 300w, https:\/\/www.wuennenberg-bueren.de\/zweckverband\/wp-content\/uploads\/2026\/02\/Gemuese-753tomas753_1-768x512.jpg 768w, https:\/\/www.wuennenberg-bueren.de\/zweckverband\/wp-content\/uploads\/2026\/02\/Gemuese-753tomas753_1-1536x1024.jpg 1536w, https:\/\/www.wuennenberg-bueren.de\/zweckverband\/wp-content\/uploads\/2026\/02\/Gemuese-753tomas753_1-360x240.jpg 360w, https:\/\/www.wuennenberg-bueren.de\/zweckverband\/wp-content\/uploads\/2026\/02\/Gemuese-753tomas753_1.jpg 1920w\" sizes=\"auto, (max-width: 1024px) 100vw, 1024px\" \/><figcaption class=\"wp-element-caption\">Kulinarische Reise oder therapeutische Ruhe beim Unkrautzupfen \u2013 du entscheidest zwischen M\u00fcssen und D\u00fcrfen. Foto: 753tomas753, Pixabay.<\/figcaption><\/figure>\n\n\n\n<div style=\"height:55px\" aria-hidden=\"true\" class=\"wp-block-spacer\"><\/div>\n\n\n\n<p>Gartenarbeit f\u00fchlt sich nur dann wie Arbeit an, wenn wir etwas tun, das uns nicht liegt \u2013 oder das wir eigentlich gar nicht tun wollen. Picasso oder Monet haben das Streichen eines Pinsels \u00fcber die Leinwand vermutlich auch nicht als Arbeit empfunden, sondern als Ausdruck ihrer Leidenschaft.<\/p>\n\n\n\n<p>Deshalb meine Bitte: Verbannt die Arbeit aus eurem Garten.<strong> Statt M\u00fcssen sollte dort D\u00fcrfen wohnen. <\/strong>Und wenn euer Garten sich im Moment eher nach M\u00fcssen als nach D\u00fcrfen anf\u00fchlt, dann ver\u00e4ndert etwas. Jetzt ist die richtige Zeit, euren Garten in euer pers\u00f6nliches Paradies zu verwandeln \u2013 statt einen kleinen Albtraum weiterzupflegen.<\/p>\n\n\n\n<div style=\"height:55px\" aria-hidden=\"true\" class=\"wp-block-spacer\"><\/div>\n\n\n\n<figure class=\"wp-block-image size-large\"><img loading=\"lazy\" decoding=\"async\" width=\"1024\" height=\"705\" src=\"https:\/\/www.wuennenberg-bueren.de\/zweckverband\/wp-content\/uploads\/2026\/02\/2026-03-Gartenleben_2-1024x705.jpg\" alt=\"\" class=\"wp-image-2760\" srcset=\"https:\/\/www.wuennenberg-bueren.de\/zweckverband\/wp-content\/uploads\/2026\/02\/2026-03-Gartenleben_2-1024x705.jpg 1024w, https:\/\/www.wuennenberg-bueren.de\/zweckverband\/wp-content\/uploads\/2026\/02\/2026-03-Gartenleben_2-300x206.jpg 300w, https:\/\/www.wuennenberg-bueren.de\/zweckverband\/wp-content\/uploads\/2026\/02\/2026-03-Gartenleben_2-768x529.jpg 768w, https:\/\/www.wuennenberg-bueren.de\/zweckverband\/wp-content\/uploads\/2026\/02\/2026-03-Gartenleben_2.jpg 1280w\" sizes=\"auto, (max-width: 1024px) 100vw, 1024px\" \/><figcaption class=\"wp-element-caption\">Manchmal braucht selbst eine M\u00f6hre eine Pause vom M\u00fcssen. W\u00e4hle Garten leben statt Gartenarbeit. Foto: congerdesign, Pixabay.<\/figcaption><\/figure>\n\n\n\n<div style=\"height:55px\" aria-hidden=\"true\" class=\"wp-block-spacer\"><\/div>\n\n\n\n<p>Und falls ihr gerade von einem Meer aus Hortensien tr\u00e4umt: Zwischen ihnen und Chinaschilf gibt es unz\u00e4hlige pflegeleichte, robuste heimische Stauden zu entdecken, die nicht nur euch, sondern auch Insekten gl\u00fccklich machen.<\/p>\n\n\n\n<div style=\"height:55px\" aria-hidden=\"true\" class=\"wp-block-spacer\"><\/div>\n\n\n\n<figure class=\"wp-block-gallery has-nested-images columns-default is-cropped wp-block-gallery-1 is-layout-flex wp-block-gallery-is-layout-flex\">\n<figure class=\"wp-block-image size-large\"><img loading=\"lazy\" decoding=\"async\" width=\"768\" height=\"1024\" data-id=\"1992\" src=\"https:\/\/www.wuennenberg-bueren.de\/zweckverband\/wp-content\/uploads\/2024\/10\/Guter_Heinrich-Thomas_Mathis_1-768x1024.jpg\" alt=\"\" class=\"wp-image-1992\" srcset=\"https:\/\/www.wuennenberg-bueren.de\/zweckverband\/wp-content\/uploads\/2024\/10\/Guter_Heinrich-Thomas_Mathis_1-768x1024.jpg 768w, https:\/\/www.wuennenberg-bueren.de\/zweckverband\/wp-content\/uploads\/2024\/10\/Guter_Heinrich-Thomas_Mathis_1-225x300.jpg 225w, https:\/\/www.wuennenberg-bueren.de\/zweckverband\/wp-content\/uploads\/2024\/10\/Guter_Heinrich-Thomas_Mathis_1-1152x1536.jpg 1152w, https:\/\/www.wuennenberg-bueren.de\/zweckverband\/wp-content\/uploads\/2024\/10\/Guter_Heinrich-Thomas_Mathis_1-1536x2048.jpg 1536w, https:\/\/www.wuennenberg-bueren.de\/zweckverband\/wp-content\/uploads\/2024\/10\/Guter_Heinrich-Thomas_Mathis_1-scaled.jpg 1920w\" sizes=\"auto, (max-width: 768px) 100vw, 768px\" \/><figcaption class=\"wp-element-caption\">Guter Heinrich. Foto: Thomas Mathis, Wikimedia.<\/figcaption><\/figure>\n\n\n\n<figure class=\"wp-block-image size-large\"><img loading=\"lazy\" decoding=\"async\" width=\"1024\" height=\"682\" data-id=\"1993\" src=\"https:\/\/www.wuennenberg-bueren.de\/zweckverband\/wp-content\/uploads\/2024\/10\/Herzgespann_Nennieinszweidrei-1024x682.jpg\" alt=\"\" class=\"wp-image-1993\" srcset=\"https:\/\/www.wuennenberg-bueren.de\/zweckverband\/wp-content\/uploads\/2024\/10\/Herzgespann_Nennieinszweidrei-1024x682.jpg 1024w, https:\/\/www.wuennenberg-bueren.de\/zweckverband\/wp-content\/uploads\/2024\/10\/Herzgespann_Nennieinszweidrei-300x200.jpg 300w, https:\/\/www.wuennenberg-bueren.de\/zweckverband\/wp-content\/uploads\/2024\/10\/Herzgespann_Nennieinszweidrei-768x512.jpg 768w, https:\/\/www.wuennenberg-bueren.de\/zweckverband\/wp-content\/uploads\/2024\/10\/Herzgespann_Nennieinszweidrei-360x240.jpg 360w, https:\/\/www.wuennenberg-bueren.de\/zweckverband\/wp-content\/uploads\/2024\/10\/Herzgespann_Nennieinszweidrei.jpg 1280w\" sizes=\"auto, (max-width: 1024px) 100vw, 1024px\" \/><figcaption class=\"wp-element-caption\">Echtes Herzgespann. Foto: Nennieinszweidrei, Pixabay.<\/figcaption><\/figure>\n<\/figure>\n\n\n\n<div style=\"height:55px\" aria-hidden=\"true\" class=\"wp-block-spacer\"><\/div>\n\n\n\n<h2 class=\"wp-block-heading\">Gebt eurem Garten eine Chance. <\/h2>\n\n\n\n<h2 class=\"wp-block-heading\">W\u00e4hlt Garten leben statt Gartenarbeit.<\/h2>\n\n\n\n<p><\/p>\n\n\n\n<div style=\"height:55px\" aria-hidden=\"true\" class=\"wp-block-spacer\"><\/div>\n\n\n\n<div class=\"wp-block-media-text is-stacked-on-mobile\"><figure class=\"wp-block-media-text__media\"><img loading=\"lazy\" decoding=\"async\" width=\"1024\" height=\"680\" src=\"https:\/\/www.wuennenberg-bueren.de\/zweckverband\/wp-content\/uploads\/2025\/03\/Blumenwiese_5-David_Seifert-1024x680.jpg\" alt=\"\" class=\"wp-image-2474 size-full\" srcset=\"https:\/\/www.wuennenberg-bueren.de\/zweckverband\/wp-content\/uploads\/2025\/03\/Blumenwiese_5-David_Seifert-1024x680.jpg 1024w, https:\/\/www.wuennenberg-bueren.de\/zweckverband\/wp-content\/uploads\/2025\/03\/Blumenwiese_5-David_Seifert-300x199.jpg 300w, https:\/\/www.wuennenberg-bueren.de\/zweckverband\/wp-content\/uploads\/2025\/03\/Blumenwiese_5-David_Seifert-768x510.jpg 768w, https:\/\/www.wuennenberg-bueren.de\/zweckverband\/wp-content\/uploads\/2025\/03\/Blumenwiese_5-David_Seifert-360x240.jpg 360w, https:\/\/www.wuennenberg-bueren.de\/zweckverband\/wp-content\/uploads\/2025\/03\/Blumenwiese_5-David_Seifert.jpg 1280w\" sizes=\"auto, (max-width: 1024px) 100vw, 1024px\" \/><\/figure><div class=\"wp-block-media-text__content\">\n<p><strong>Du weisst nicht, wie du deinen in dein Paradies verwandeln sollst? <\/strong><\/p>\n\n\n\n<p>Dann schau doch mal vorbei:<\/p>\n\n\n\n<p><a href=\"https:\/\/www.wuennenberg-bueren.de\/zweckverband\/category\/veranstaltungen\/\" target=\"_blank\" rel=\"noreferrer noopener\">Alle Veranstaltungen findest du hier auf dieser Internetseite: Veranstaltungen.<\/a><\/p>\n<\/div><\/div>\n\n\n\n<div style=\"height:74px\" aria-hidden=\"true\" class=\"wp-block-spacer\"><\/div>\n\n\n<div class=\"wp-block-image\">\n<figure class=\"alignright size-large is-resized\"><a href=\"https:\/\/www.instagram.com\/badwuennenberg.bueren?igsh=d3JjMnd0ZjY1YXk3\" target=\"_blank\" rel=\"noreferrer noopener\"><img loading=\"lazy\" decoding=\"async\" width=\"891\" height=\"1024\" src=\"https:\/\/www.wuennenberg-bueren.de\/zweckverband\/wp-content\/uploads\/2025\/01\/Insta_QR-891x1024.jpg\" alt=\"\" class=\"wp-image-2147\" style=\"width:209px;height:auto\" srcset=\"https:\/\/www.wuennenberg-bueren.de\/zweckverband\/wp-content\/uploads\/2025\/01\/Insta_QR-891x1024.jpg 891w, https:\/\/www.wuennenberg-bueren.de\/zweckverband\/wp-content\/uploads\/2025\/01\/Insta_QR-261x300.jpg 261w, https:\/\/www.wuennenberg-bueren.de\/zweckverband\/wp-content\/uploads\/2025\/01\/Insta_QR-768x882.jpg 768w, https:\/\/www.wuennenberg-bueren.de\/zweckverband\/wp-content\/uploads\/2025\/01\/Insta_QR-1337x1536.jpg 1337w, https:\/\/www.wuennenberg-bueren.de\/zweckverband\/wp-content\/uploads\/2025\/01\/Insta_QR-1783x2048.jpg 1783w\" sizes=\"auto, (max-width: 891px) 100vw, 891px\" \/><\/a><\/figure>\n<\/div>\n\n\n<p><em><em>Mehr zu Naturschutzthemen, naturnahem Wandern oder <\/em><a href=\"https:\/\/www.wuennenberg-bueren.de\/zweckverband\/category\/naturnahe-gartengestaltung\/\"><em>Naturnahe Gartengestaltung<\/em><\/a><em> <\/em>findest du auf meiner Internetseite <\/em><a href=\"http:\/\/www.wuennenberg-bueren.de\">www.wuennenberg-bueren.de<\/a><em> oder auf Instagram unter <\/em><a href=\"https:\/\/www.instagram.com\/badwuennenberg.bueren?igsh=d3JjMnd0ZjY1YXk3\">@badwuennenberg.bueren<\/a><em>.<\/em><\/p>\n\n\n\n<p><em>Hast du eine Frage? Dann schick sie&nbsp;einfach an <\/em><a href=\"mailto:erholungsgebiet@wuennenberg-bueren.de\"><em>erholungsgebiet@wuennenberg-bueren.de<\/em><\/a><em>.<\/em><\/p>\n\n\n\n<div style=\"height:69px\" aria-hidden=\"true\" class=\"wp-block-spacer\"><\/div>\n","protected":false},"excerpt":{"rendered":"<p>M\u00e4rz 2026 Gleich vorweg: Finger weg von der Heckenschere. Ab M\u00e4rz ist Brut- und Setzzeit \u2013 also keine \u201eIch-schneide-hier-alles-ab\u201c-Zeit. Ab jetzt wird Gartenarbeit kleingeschrieben. Wobei wir ehrlich sein sollten: \u201eArbeit\u201c hat im Garten eigentlich nichts zu suchen. Es hei\u00dft ja schlie\u00dflich auch nicht Radfahrarbeit oder Yogaarbeit. Garten ist etwas Sch\u00f6nes. [&hellip;]<\/p>\n","protected":false},"author":2,"featured_media":2760,"comment_status":"closed","ping_status":"closed","sticky":false,"template":"","format":"standard","meta":{"footnotes":""},"categories":[7,21],"tags":[],"class_list":["post-2757","post","type-post","status-publish","format-standard","has-post-thumbnail","hentry","category-aktuelles","category-naturnahe-gartengestaltung"],"_links":{"self":[{"href":"https:\/\/www.wuennenberg-bueren.de\/zweckverband\/wp-json\/wp\/v2\/posts\/2757","targetHints":{"allow":["GET"]}}],"collection":[{"href":"https:\/\/www.wuennenberg-bueren.de\/zweckverband\/wp-json\/wp\/v2\/posts"}],"about":[{"href":"https:\/\/www.wuennenberg-bueren.de\/zweckverband\/wp-json\/wp\/v2\/types\/post"}],"author":[{"embeddable":true,"href":"https:\/\/www.wuennenberg-bueren.de\/zweckverband\/wp-json\/wp\/v2\/users\/2"}],"replies":[{"embeddable":true,"href":"https:\/\/www.wuennenberg-bueren.de\/zweckverband\/wp-json\/wp\/v2\/comments?post=2757"}],"version-history":[{"count":2,"href":"https:\/\/www.wuennenberg-bueren.de\/zweckverband\/wp-json\/wp\/v2\/posts\/2757\/revisions"}],"predecessor-version":[{"id":2762,"href":"https:\/\/www.wuennenberg-bueren.de\/zweckverband\/wp-json\/wp\/v2\/posts\/2757\/revisions\/2762"}],"wp:featuredmedia":[{"embeddable":true,"href":"https:\/\/www.wuennenberg-bueren.de\/zweckverband\/wp-json\/wp\/v2\/media\/2760"}],"wp:attachment":[{"href":"https:\/\/www.wuennenberg-bueren.de\/zweckverband\/wp-json\/wp\/v2\/media?parent=2757"}],"wp:term":[{"taxonomy":"category","embeddable":true,"href":"https:\/\/www.wuennenberg-bueren.de\/zweckverband\/wp-json\/wp\/v2\/categories?post=2757"},{"taxonomy":"post_tag","embeddable":true,"href":"https:\/\/www.wuennenberg-bueren.de\/zweckverband\/wp-json\/wp\/v2\/tags?post=2757"}],"curies":[{"name":"wp","href":"https:\/\/api.w.org\/{rel}","templated":true}]}}