{"id":2746,"date":"2026-02-01T07:00:00","date_gmt":"2026-02-01T06:00:00","guid":{"rendered":"https:\/\/www.wuennenberg-bueren.de\/zweckverband\/?p=2746"},"modified":"2026-01-20T15:32:03","modified_gmt":"2026-01-20T14:32:03","slug":"gartenlatschen","status":"publish","type":"post","link":"https:\/\/www.wuennenberg-bueren.de\/zweckverband\/2026\/02\/01\/gartenlatschen\/","title":{"rendered":"Von Sonnenschein und Gartenlatschen"},"content":{"rendered":"\n<p><strong>Februar 2026<\/strong><\/p>\n\n\n\n<p>Habt ihr es auch bemerkt? Die ersten warmen Tage mit Sonnenschein und mein Nachbar gleich so: Gartenlatschen an und los geht\u2019s. Stauden zur\u00fcckschneiden, Tomaten auss\u00e4en, Regentonne anschlie\u00dfen.<\/p>\n\n\n\n<div style=\"height:55px\" aria-hidden=\"true\" class=\"wp-block-spacer\"><\/div>\n\n\n\n<figure class=\"wp-block-image size-large\"><img loading=\"lazy\" decoding=\"async\" width=\"1024\" height=\"683\" src=\"https:\/\/www.wuennenberg-bueren.de\/zweckverband\/wp-content\/uploads\/2026\/01\/Gartenschuhe-Beeki_1-1024x683.jpg\" alt=\"\" class=\"wp-image-2747\" srcset=\"https:\/\/www.wuennenberg-bueren.de\/zweckverband\/wp-content\/uploads\/2026\/01\/Gartenschuhe-Beeki_1-1024x683.jpg 1024w, https:\/\/www.wuennenberg-bueren.de\/zweckverband\/wp-content\/uploads\/2026\/01\/Gartenschuhe-Beeki_1-300x200.jpg 300w, https:\/\/www.wuennenberg-bueren.de\/zweckverband\/wp-content\/uploads\/2026\/01\/Gartenschuhe-Beeki_1-768x512.jpg 768w, https:\/\/www.wuennenberg-bueren.de\/zweckverband\/wp-content\/uploads\/2026\/01\/Gartenschuhe-Beeki_1-1536x1024.jpg 1536w, https:\/\/www.wuennenberg-bueren.de\/zweckverband\/wp-content\/uploads\/2026\/01\/Gartenschuhe-Beeki_1-360x240.jpg 360w, https:\/\/www.wuennenberg-bueren.de\/zweckverband\/wp-content\/uploads\/2026\/01\/Gartenschuhe-Beeki_1.jpg 1920w\" sizes=\"auto, (max-width: 1024px) 100vw, 1024px\" \/><figcaption class=\"wp-element-caption\">Die Sonne scheint &#8211; der Fr\u00fchling lockt &#8211; Gartenlatschen an und los geht&#8217;s. Foto: Beeki, Pixabay.<\/figcaption><\/figure>\n\n\n\n<div style=\"height:55px\" aria-hidden=\"true\" class=\"wp-block-spacer\"><\/div>\n\n\n\n<p>Doch noch bevor er die Wetter-App schlie\u00dfen konnte, war ihm die Schippe am Boden festgefroren. Tja. Keine gute Idee also, bei den ersten Sonnenstrahlen gleich im Garten rumzuw\u00fchlen.<\/p>\n\n\n\n<p>Denn wer jetzt schon gr\u00fcndlich aufr\u00e4umt, nimmt Insekten, V\u00f6geln und Co. wichtige R\u00fcckzugsorte vor der K\u00e4lte. Auch die Pflanzen profitieren weiterhin vom liegengebliebenen Laub, das das empfindliche Wurzelwerk vor Frost sch\u00fctzt.<\/p>\n\n\n\n<div style=\"height:55px\" aria-hidden=\"true\" class=\"wp-block-spacer\"><\/div>\n\n\n\n<figure class=\"wp-block-image size-large\"><img loading=\"lazy\" decoding=\"async\" width=\"1024\" height=\"768\" src=\"https:\/\/www.wuennenberg-bueren.de\/zweckverband\/wp-content\/uploads\/2026\/01\/Laub-silviarita_1-1024x768.jpg\" alt=\"\" class=\"wp-image-2748\" srcset=\"https:\/\/www.wuennenberg-bueren.de\/zweckverband\/wp-content\/uploads\/2026\/01\/Laub-silviarita_1-1024x768.jpg 1024w, https:\/\/www.wuennenberg-bueren.de\/zweckverband\/wp-content\/uploads\/2026\/01\/Laub-silviarita_1-300x225.jpg 300w, https:\/\/www.wuennenberg-bueren.de\/zweckverband\/wp-content\/uploads\/2026\/01\/Laub-silviarita_1-768x576.jpg 768w, https:\/\/www.wuennenberg-bueren.de\/zweckverband\/wp-content\/uploads\/2026\/01\/Laub-silviarita_1-1536x1152.jpg 1536w, https:\/\/www.wuennenberg-bueren.de\/zweckverband\/wp-content\/uploads\/2026\/01\/Laub-silviarita_1.jpg 1920w\" sizes=\"auto, (max-width: 1024px) 100vw, 1024px\" \/><figcaption class=\"wp-element-caption\">Jetzt noch nicht aufr\u00e4umen. Die Natur profitiert noch vom Schutz der &#8222;Unordnung&#8220;. Foto: silviarita, Pixabay.<\/figcaption><\/figure>\n\n\n\n<div style=\"height:55px\" aria-hidden=\"true\" class=\"wp-block-spacer\"><\/div>\n\n\n\n<p><strong>Also: Habt noch ein wenig Geduld, liebe Gartenfreunde. Noch ist die Zeit zum Planen und Teeschl\u00fcrfen.<\/strong><\/p>\n\n\n\n<p>Und wem es doch schon in den Fingern juckt, der kann sich an den Guten Heinrich wagen. Er ist ein sogenannter Kaltkeimer, genau wie Spinat. Der Gute Heinrich wird auch \u201eWilder Spinat\u201c genannt, da er \u00e4hnlich zubereitet und gegessen werden kann. Im Vergleich zum klassischen Spinat hat er jedoch einige Vorteile: Er ist pflegeleicht, mehrj\u00e4hrig und ausgesprochen robust gegen\u00fcber Frost und Sch\u00e4dlingen. Eine perfekte Anf\u00e4ngerpflanze f\u00fcr den Selbstversorgergarten.<\/p>\n\n\n\n<p>Saatgut daf\u00fcr gibt es bei mir \u2013 meldet euch gerne.<\/p>\n\n\n\n<p>Und falls Gem\u00fcse nicht euer Ding ist, probiert doch einmal das h\u00fcbsche Herzgespann aus. Es ist nicht nur eine alte Heilpflanze, sondern auch ein echter Insektenmagnet. Auch hierf\u00fcr k\u00f6nnt ihr bei mir Saatgut bekommen.<\/p>\n\n\n\n<figure class=\"wp-block-gallery has-nested-images columns-default is-cropped wp-block-gallery-1 is-layout-flex wp-block-gallery-is-layout-flex\">\n<figure class=\"wp-block-image size-large\"><img loading=\"lazy\" decoding=\"async\" width=\"768\" height=\"1024\" data-id=\"1992\" src=\"https:\/\/www.wuennenberg-bueren.de\/zweckverband\/wp-content\/uploads\/2024\/10\/Guter_Heinrich-Thomas_Mathis_1-768x1024.jpg\" alt=\"\" class=\"wp-image-1992\" srcset=\"https:\/\/www.wuennenberg-bueren.de\/zweckverband\/wp-content\/uploads\/2024\/10\/Guter_Heinrich-Thomas_Mathis_1-768x1024.jpg 768w, https:\/\/www.wuennenberg-bueren.de\/zweckverband\/wp-content\/uploads\/2024\/10\/Guter_Heinrich-Thomas_Mathis_1-225x300.jpg 225w, https:\/\/www.wuennenberg-bueren.de\/zweckverband\/wp-content\/uploads\/2024\/10\/Guter_Heinrich-Thomas_Mathis_1-1152x1536.jpg 1152w, https:\/\/www.wuennenberg-bueren.de\/zweckverband\/wp-content\/uploads\/2024\/10\/Guter_Heinrich-Thomas_Mathis_1-1536x2048.jpg 1536w, https:\/\/www.wuennenberg-bueren.de\/zweckverband\/wp-content\/uploads\/2024\/10\/Guter_Heinrich-Thomas_Mathis_1-scaled.jpg 1920w\" sizes=\"auto, (max-width: 768px) 100vw, 768px\" \/><figcaption class=\"wp-element-caption\">Guter Heinrich. Foto: Thomas Mathis, Wikimedia.<\/figcaption><\/figure>\n\n\n\n<figure class=\"wp-block-image size-large\"><img loading=\"lazy\" decoding=\"async\" width=\"1024\" height=\"682\" data-id=\"1993\" src=\"https:\/\/www.wuennenberg-bueren.de\/zweckverband\/wp-content\/uploads\/2024\/10\/Herzgespann_Nennieinszweidrei-1024x682.jpg\" alt=\"\" class=\"wp-image-1993\" srcset=\"https:\/\/www.wuennenberg-bueren.de\/zweckverband\/wp-content\/uploads\/2024\/10\/Herzgespann_Nennieinszweidrei-1024x682.jpg 1024w, https:\/\/www.wuennenberg-bueren.de\/zweckverband\/wp-content\/uploads\/2024\/10\/Herzgespann_Nennieinszweidrei-300x200.jpg 300w, https:\/\/www.wuennenberg-bueren.de\/zweckverband\/wp-content\/uploads\/2024\/10\/Herzgespann_Nennieinszweidrei-768x512.jpg 768w, https:\/\/www.wuennenberg-bueren.de\/zweckverband\/wp-content\/uploads\/2024\/10\/Herzgespann_Nennieinszweidrei-360x240.jpg 360w, https:\/\/www.wuennenberg-bueren.de\/zweckverband\/wp-content\/uploads\/2024\/10\/Herzgespann_Nennieinszweidrei.jpg 1280w\" sizes=\"auto, (max-width: 1024px) 100vw, 1024px\" \/><figcaption class=\"wp-element-caption\">Echtes Herzgespann. Foto: Nennieinszweidrei, Pixabay.<\/figcaption><\/figure>\n<\/figure>\n\n\n\n<div style=\"height:55px\" aria-hidden=\"true\" class=\"wp-block-spacer\"><\/div>\n\n\n\n<p>Lasst euren Garten also noch ein wenig in Ruhe und entdeckt stattdessen altes Wissen neu. In meinem Projekt <a href=\"https:\/\/www.wuennenberg-bueren.de\/zweckverband\/dorfzukunft-pflanzen\/\" target=\"_blank\" rel=\"noreferrer noopener\">DorfZukunft.Pflanzen<\/a> geht es genau darum. Ab M\u00e4rz erwarten euch zahlreiche Vortr\u00e4ge, Workshops und Kr\u00e4uterspazierg\u00e4nge rund um alte Pflanzen im Dorf: wo sie wachsen, wie wir sie erkennen und wie wir sie nutzen k\u00f6nnen.<\/p>\n\n\n\n<p> <a href=\"https:\/\/www.wuennenberg-bueren.de\/zweckverband\/category\/veranstaltungen\/\" target=\"_blank\" rel=\"noreferrer noopener\">Alle Veranstaltungen findest du hier auf dieser Internetseite: Veranstaltungen.<\/a><\/p>\n\n\n\n<div style=\"height:55px\" aria-hidden=\"true\" class=\"wp-block-spacer\"><\/div>\n\n\n\n<div class=\"wp-block-media-text is-stacked-on-mobile\"><figure class=\"wp-block-media-text__media\"><img loading=\"lazy\" decoding=\"async\" width=\"1024\" height=\"790\" src=\"https:\/\/www.wuennenberg-bueren.de\/zweckverband\/wp-content\/uploads\/2026\/01\/Heckenschnitt-Monsterkoi_1-1024x790.jpg\" alt=\"\" class=\"wp-image-2749 size-full\" srcset=\"https:\/\/www.wuennenberg-bueren.de\/zweckverband\/wp-content\/uploads\/2026\/01\/Heckenschnitt-Monsterkoi_1-1024x790.jpg 1024w, https:\/\/www.wuennenberg-bueren.de\/zweckverband\/wp-content\/uploads\/2026\/01\/Heckenschnitt-Monsterkoi_1-300x232.jpg 300w, https:\/\/www.wuennenberg-bueren.de\/zweckverband\/wp-content\/uploads\/2026\/01\/Heckenschnitt-Monsterkoi_1-768x593.jpg 768w, https:\/\/www.wuennenberg-bueren.de\/zweckverband\/wp-content\/uploads\/2026\/01\/Heckenschnitt-Monsterkoi_1-1536x1186.jpg 1536w, https:\/\/www.wuennenberg-bueren.de\/zweckverband\/wp-content\/uploads\/2026\/01\/Heckenschnitt-Monsterkoi_1.jpg 1920w\" sizes=\"auto, (max-width: 1024px) 100vw, 1024px\" \/><\/figure><div class=\"wp-block-media-text__content\">\n<p><strong>Und bitte denkt daran:<\/strong> Ab dem <strong>1. M\u00e4rz<\/strong> sollte auf den <strong>Heckenschnitt verzichtet <\/strong>werden (<strong>Brut- und Setzzeit<\/strong>). Aber selbst davor gilt: Versucht, den Heckenschnitt so lange wie m\u00f6glich hinauszuz\u00f6gern \u2013 oder verzichtet im besten Fall ganz darauf. Hecken sind wertvolle Lebensr\u00e4ume und keine blo\u00dfen Gartengrenzen.<\/p>\n<\/div><\/div>\n\n\n\n<div style=\"height:74px\" aria-hidden=\"true\" class=\"wp-block-spacer\"><\/div>\n\n\n<div class=\"wp-block-image\">\n<figure class=\"alignright size-large is-resized\"><a href=\"https:\/\/www.instagram.com\/badwuennenberg.bueren?igsh=d3JjMnd0ZjY1YXk3\" target=\"_blank\" rel=\"noreferrer noopener\"><img loading=\"lazy\" decoding=\"async\" width=\"891\" height=\"1024\" src=\"https:\/\/www.wuennenberg-bueren.de\/zweckverband\/wp-content\/uploads\/2025\/01\/Insta_QR-891x1024.jpg\" alt=\"\" class=\"wp-image-2147\" style=\"width:209px;height:auto\" srcset=\"https:\/\/www.wuennenberg-bueren.de\/zweckverband\/wp-content\/uploads\/2025\/01\/Insta_QR-891x1024.jpg 891w, https:\/\/www.wuennenberg-bueren.de\/zweckverband\/wp-content\/uploads\/2025\/01\/Insta_QR-261x300.jpg 261w, https:\/\/www.wuennenberg-bueren.de\/zweckverband\/wp-content\/uploads\/2025\/01\/Insta_QR-768x882.jpg 768w, https:\/\/www.wuennenberg-bueren.de\/zweckverband\/wp-content\/uploads\/2025\/01\/Insta_QR-1337x1536.jpg 1337w, https:\/\/www.wuennenberg-bueren.de\/zweckverband\/wp-content\/uploads\/2025\/01\/Insta_QR-1783x2048.jpg 1783w\" sizes=\"auto, (max-width: 891px) 100vw, 891px\" \/><\/a><\/figure>\n<\/div>\n\n\n<p><em><em>Mehr zu Naturschutzthemen, naturnahem Wandern oder <\/em><a href=\"https:\/\/www.wuennenberg-bueren.de\/zweckverband\/category\/naturnahe-gartengestaltung\/\"><em>Naturnahe Gartengestaltung<\/em><\/a><em> <\/em>findest du auf meiner Internetseite <\/em><a href=\"http:\/\/www.wuennenberg-bueren.de\">www.wuennenberg-bueren.de<\/a><em> oder auf Instagram unter <\/em><a href=\"https:\/\/www.instagram.com\/badwuennenberg.bueren?igsh=d3JjMnd0ZjY1YXk3\">@badwuennenberg.bueren<\/a><em>.<\/em><\/p>\n\n\n\n<p><em>Hast du eine Frage? Dann schick sie&nbsp;einfach an <\/em><a href=\"mailto:erholungsgebiet@wuennenberg-bueren.de\"><em>erholungsgebiet@wuennenberg-bueren.de<\/em><\/a><em>.<\/em><\/p>\n\n\n\n<div style=\"height:69px\" aria-hidden=\"true\" class=\"wp-block-spacer\"><\/div>\n","protected":false},"excerpt":{"rendered":"<p>Februar 2026 Habt ihr es auch bemerkt? Die ersten warmen Tage mit Sonnenschein und mein Nachbar gleich so: Gartenlatschen an und los geht\u2019s. Stauden zur\u00fcckschneiden, Tomaten auss\u00e4en, Regentonne anschlie\u00dfen. Doch noch bevor er die Wetter-App schlie\u00dfen konnte, war ihm die Schippe am Boden festgefroren. Tja. Keine gute Idee also, bei [&hellip;]<\/p>\n","protected":false},"author":2,"featured_media":2750,"comment_status":"closed","ping_status":"closed","sticky":false,"template":"","format":"standard","meta":{"footnotes":""},"categories":[7,21],"tags":[],"class_list":["post-2746","post","type-post","status-publish","format-standard","has-post-thumbnail","hentry","category-aktuelles","category-naturnahe-gartengestaltung"],"_links":{"self":[{"href":"https:\/\/www.wuennenberg-bueren.de\/zweckverband\/wp-json\/wp\/v2\/posts\/2746","targetHints":{"allow":["GET"]}}],"collection":[{"href":"https:\/\/www.wuennenberg-bueren.de\/zweckverband\/wp-json\/wp\/v2\/posts"}],"about":[{"href":"https:\/\/www.wuennenberg-bueren.de\/zweckverband\/wp-json\/wp\/v2\/types\/post"}],"author":[{"embeddable":true,"href":"https:\/\/www.wuennenberg-bueren.de\/zweckverband\/wp-json\/wp\/v2\/users\/2"}],"replies":[{"embeddable":true,"href":"https:\/\/www.wuennenberg-bueren.de\/zweckverband\/wp-json\/wp\/v2\/comments?post=2746"}],"version-history":[{"count":1,"href":"https:\/\/www.wuennenberg-bueren.de\/zweckverband\/wp-json\/wp\/v2\/posts\/2746\/revisions"}],"predecessor-version":[{"id":2751,"href":"https:\/\/www.wuennenberg-bueren.de\/zweckverband\/wp-json\/wp\/v2\/posts\/2746\/revisions\/2751"}],"wp:featuredmedia":[{"embeddable":true,"href":"https:\/\/www.wuennenberg-bueren.de\/zweckverband\/wp-json\/wp\/v2\/media\/2750"}],"wp:attachment":[{"href":"https:\/\/www.wuennenberg-bueren.de\/zweckverband\/wp-json\/wp\/v2\/media?parent=2746"}],"wp:term":[{"taxonomy":"category","embeddable":true,"href":"https:\/\/www.wuennenberg-bueren.de\/zweckverband\/wp-json\/wp\/v2\/categories?post=2746"},{"taxonomy":"post_tag","embeddable":true,"href":"https:\/\/www.wuennenberg-bueren.de\/zweckverband\/wp-json\/wp\/v2\/tags?post=2746"}],"curies":[{"name":"wp","href":"https:\/\/api.w.org\/{rel}","templated":true}]}}