{"id":238,"date":"2018-09-09T15:51:48","date_gmt":"2018-09-09T13:51:48","guid":{"rendered":"https:\/\/www.wuennenberg-bueren.de\/zweckverband\/?p=238"},"modified":"2022-11-24T13:14:05","modified_gmt":"2022-11-24T12:14:05","slug":"kolumne-september-2018","status":"publish","type":"post","link":"https:\/\/www.wuennenberg-bueren.de\/zweckverband\/2018\/09\/09\/kolumne-september-2018\/","title":{"rendered":"Aus der \u201eNaturgarten\u201c- Reihe \u2013 Was ist ein Naturgarten und wie lege ich ihn an?"},"content":{"rendered":"<p><span style=\"text-decoration: underline;\"><strong>Kolumne \u2013 September 2018<\/strong><\/span><\/p>\n<p><em>Sie fragen, der Zweckverband antwortet.<\/em><\/p>\n<p><em>&nbsp;<\/em>Ein Naturgarten ist genau das, was er verspricht: ein Garten, der naturnah gestaltet ist. Aber wie gestaltet man einen Garten naturnah? Ganz einfach, nach Ihrem Geschmack, Ihrem Interesse, Ihrem Portemonnaie und Ihrer Zeit. Denn ein naturnaher Garten ist so individuell wie die Natur selbst und braucht Zeit zum Wachsen. Daher k\u00f6nnen Sie klein anfangen, beispielsweise mit einem Obstbaum oder einem Staudenbeet f\u00fcr Wildbienen. Damit ist Ihr Garten schon naturnaher als vorher. Sie k\u00f6nnen auch auf k\u00fcnstlichen D\u00fcnger verzichten und stattdessen einen Komposthaufen anlegen. Reduzieren Sie Ihre w\u00f6chentliche Gartenarbeit und wandeln Sie Ihren Rasen in eine Blumenwiese um oder Ihren Gartenteich in einen Naturteich. All dies sind nur Anregungen, wie Sie Ihren Garten naturnah gestalten k\u00f6nnen. Wichtig ist nur, dass Sie anfangen! Denn in Deutschland entspricht die Gesamtfl\u00e4che aller G\u00e4rten in etwa der aller Naturschutzgebiete.<\/p>\n<p>Bis zum Fr\u00fchling informiert der Zweckverband ausgiebig auf seiner Website (www. wuennenberg-bueren.de) \u00fcber naturnahe Gartengestaltung und \u2013umgestaltung. Anschlie\u00dfend findet ein Wettbewerb mit attraktiven Preisen statt, der Sie f\u00fcr Ihre M\u00fche und Kreativit\u00e4t belohnt.<\/p>\n<p><em>Sie haben eine andere Frage? Schicken Sie sie&nbsp;einfach an <\/em><a href=\"mailto:erholungsgebiet@wuennenberg-bueren.de\"><em>erholungsgebiet@wuennenberg-bueren.de<\/em><\/a><em>.<\/em><\/p>\n<p>&nbsp;<\/p>\n<div id=\"attachment_236\" style=\"width: 760px\" class=\"wp-caption alignnone\"><img loading=\"lazy\" decoding=\"async\" aria-describedby=\"caption-attachment-236\" src=\"https:\/\/www.wuennenberg-bueren.de\/zweckverband\/wp-content\/uploads\/2018\/09\/2018-09-Staudengarten-1024x683.jpg\" alt=\"\" class=\"size-large wp-image-236\" width=\"750\" height=\"500\" srcset=\"https:\/\/www.wuennenberg-bueren.de\/zweckverband\/wp-content\/uploads\/2018\/09\/2018-09-Staudengarten-1024x683.jpg 1024w, https:\/\/www.wuennenberg-bueren.de\/zweckverband\/wp-content\/uploads\/2018\/09\/2018-09-Staudengarten-300x200.jpg 300w, https:\/\/www.wuennenberg-bueren.de\/zweckverband\/wp-content\/uploads\/2018\/09\/2018-09-Staudengarten-768x512.jpg 768w, https:\/\/www.wuennenberg-bueren.de\/zweckverband\/wp-content\/uploads\/2018\/09\/2018-09-Staudengarten-360x240.jpg 360w, https:\/\/www.wuennenberg-bueren.de\/zweckverband\/wp-content\/uploads\/2018\/09\/2018-09-Staudengarten.jpg 1920w\" sizes=\"auto, (max-width: 750px) 100vw, 750px\" \/><p id=\"caption-attachment-236\" class=\"wp-caption-text\">Stauden soweit das Auge reicht. Foto: Peter Be, Pixarbay.<\/p><\/div>\n","protected":false},"excerpt":{"rendered":"<p>Kolumne \u2013 September 2018 Sie fragen, der Zweckverband antwortet. &nbsp;Ein Naturgarten ist genau das, was er verspricht: ein Garten, der naturnah gestaltet ist. Aber wie gestaltet man einen Garten naturnah? Ganz einfach, nach Ihrem Geschmack, Ihrem Interesse, Ihrem Portemonnaie und Ihrer Zeit. Denn ein naturnaher Garten ist so individuell wie [&hellip;]<\/p>\n","protected":false},"author":2,"featured_media":236,"comment_status":"closed","ping_status":"closed","sticky":false,"template":"","format":"standard","meta":{"footnotes":""},"categories":[7,9,21],"tags":[],"class_list":["post-238","post","type-post","status-publish","format-standard","has-post-thumbnail","hentry","category-aktuelles","category-bad-wuennenberg-naturnah","category-naturnahe-gartengestaltung"],"_links":{"self":[{"href":"https:\/\/www.wuennenberg-bueren.de\/zweckverband\/wp-json\/wp\/v2\/posts\/238","targetHints":{"allow":["GET"]}}],"collection":[{"href":"https:\/\/www.wuennenberg-bueren.de\/zweckverband\/wp-json\/wp\/v2\/posts"}],"about":[{"href":"https:\/\/www.wuennenberg-bueren.de\/zweckverband\/wp-json\/wp\/v2\/types\/post"}],"author":[{"embeddable":true,"href":"https:\/\/www.wuennenberg-bueren.de\/zweckverband\/wp-json\/wp\/v2\/users\/2"}],"replies":[{"embeddable":true,"href":"https:\/\/www.wuennenberg-bueren.de\/zweckverband\/wp-json\/wp\/v2\/comments?post=238"}],"version-history":[{"count":3,"href":"https:\/\/www.wuennenberg-bueren.de\/zweckverband\/wp-json\/wp\/v2\/posts\/238\/revisions"}],"predecessor-version":[{"id":372,"href":"https:\/\/www.wuennenberg-bueren.de\/zweckverband\/wp-json\/wp\/v2\/posts\/238\/revisions\/372"}],"wp:featuredmedia":[{"embeddable":true,"href":"https:\/\/www.wuennenberg-bueren.de\/zweckverband\/wp-json\/wp\/v2\/media\/236"}],"wp:attachment":[{"href":"https:\/\/www.wuennenberg-bueren.de\/zweckverband\/wp-json\/wp\/v2\/media?parent=238"}],"wp:term":[{"taxonomy":"category","embeddable":true,"href":"https:\/\/www.wuennenberg-bueren.de\/zweckverband\/wp-json\/wp\/v2\/categories?post=238"},{"taxonomy":"post_tag","embeddable":true,"href":"https:\/\/www.wuennenberg-bueren.de\/zweckverband\/wp-json\/wp\/v2\/tags?post=238"}],"curies":[{"name":"wp","href":"https:\/\/api.w.org\/{rel}","templated":true}]}}