{"id":1674,"date":"2024-01-25T13:20:00","date_gmt":"2024-01-25T12:20:00","guid":{"rendered":"https:\/\/www.wuennenberg-bueren.de\/zweckverband\/?p=1674"},"modified":"2024-06-12T14:16:20","modified_gmt":"2024-06-12T12:16:20","slug":"tage-der-gaerten-und-parks-2024","status":"publish","type":"post","link":"https:\/\/www.wuennenberg-bueren.de\/zweckverband\/2024\/01\/25\/tage-der-gaerten-und-parks-2024\/","title":{"rendered":"Tage der G\u00e4rten und Parks 2024"},"content":{"rendered":"\n<p>Ort: <strong><a href=\"https:\/\/www.wuennenberg-bueren.de\/zweckverband\/wurzgarten-bueren\/\" target=\"_blank\" rel=\"noreferrer noopener\">Wurzgarten B\u00fcren<\/a><\/strong><\/p>\n\n\n\n<p>Datum: <strong>Samstag, den 08. Juni &amp; Sonntag, den 09. Juni 2024<\/strong><\/p>\n\n\n\n<hr class=\"wp-block-separator has-alpha-channel-opacity\"\/>\n\n\n\n<p>In diesem Jahr \u00f6ffnet der <a href=\"https:\/\/www.wuennenberg-bueren.de\/zweckverband\/wurzgarten-bueren\/\" target=\"_blank\" rel=\"noreferrer noopener\">Wurzgarten<\/a> in B\u00fcren seine &#8222;Gartentore&#8220; das erste Mal an den &#8222;Tagen der G\u00e4rten &amp; Parks in Westfalen-Lippe&#8220;.<\/p>\n\n\n\n<p>Die &#8222;Freunde des Wurzgartens&#8220; freuen sich, f\u00fcr beide Tage ein tolles Programm anbieten zu k\u00f6nnen.<\/p>\n\n\n\n<div style=\"height:53px\" aria-hidden=\"true\" class=\"wp-block-spacer\"><\/div>\n\n\n\n<p><strong>ANGEBOT an beiden Tagen:<\/strong><\/p>\n\n\n\n<ul class=\"wp-block-list\">\n<li>nette Gespr\u00e4che \u00fcber den <a href=\"https:\/\/www.wuennenberg-bueren.de\/zweckverband\/wurzgarten-bueren\/\" target=\"_blank\" rel=\"noreferrer noopener\">Wurzgarten<\/a> und naturnahes G\u00e4rtnern<\/li>\n\n\n\n<li>Kr\u00e4uterlehrpfad \u00fcber die Kr\u00e4uter des <a href=\"https:\/\/www.wuennenberg-bueren.de\/zweckverband\/wurzgarten-bueren\/\" target=\"_blank\" rel=\"noreferrer noopener\">Wurzgartens<\/a> und dar\u00fcber hinaus<\/li>\n\n\n\n<li>Infused Water \u2013 Mineralwasser mit Kr\u00e4utern des <a href=\"https:\/\/www.wuennenberg-bueren.de\/zweckverband\/wurzgarten-bueren\/\" target=\"_blank\" rel=\"noreferrer noopener\">Wurzgartens<\/a> verfeinert &#8211; ganz individuell &amp; frisch<\/li>\n\n\n\n<li>DIY-Eistee \u2013 aus der Pfefferminze des <a href=\"https:\/\/www.wuennenberg-bueren.de\/zweckverband\/wurzgarten-bueren\/\" target=\"_blank\" rel=\"noreferrer noopener\">Wurzgartens<\/a> mit Bio-Zitrone<\/li>\n<\/ul>\n\n\n\n<div style=\"height:53px\" aria-hidden=\"true\" class=\"wp-block-spacer\"><\/div>\n\n\n\n<p><strong>VERANSTALTUNGEN:<\/strong><\/p>\n\n\n\n<p><mark style=\"background-color:#98bf64\" class=\"has-inline-color has-white-color\">Samstag, den 08. Juni \u2013 \u00d6ffnung 14:00 &#8211; 18:00 Uhr<\/mark><\/p>\n\n\n\n<p>14:30 \u2013 15:00 Uhr \u2013 <a href=\"https:\/\/www.wuennenberg-bueren.de\/zweckverband\/einfuehrung-in-das-naturnahe-gaertnern\/\" target=\"_blank\" rel=\"noreferrer noopener\">Einf\u00fchrung in das naturnahe G\u00e4rtnern <\/a><\/p>\n\n\n\n<p>16:00 \u2013 16:30 Uhr \u2013 <a href=\"https:\/\/www.wuennenberg-bueren.de\/zweckverband\/kraeuteroel-selber-machen\/\" target=\"_blank\" rel=\"noreferrer noopener\">Kr\u00e4uter\u00f6l selbst gemacht <\/a><\/p>\n\n\n\n<div style=\"height:53px\" aria-hidden=\"true\" class=\"wp-block-spacer\"><\/div>\n\n\n\n<p><mark style=\"background-color:#98bf64\" class=\"has-inline-color has-white-color\">Sonntag, den 09. Juni \u2013 \u00d6ffnung 11:00 &#8211; 18:00 Uhr<\/mark><\/p>\n\n\n\n<p>11:00 \u2013 13:00 Uhr &#8211; <a href=\"https:\/\/www.wuennenberg-bueren.de\/zweckverband\/kulinarisches-fruhstuck-in-amp-aus-dem-wurzgarten\/\" target=\"_blank\" rel=\"noreferrer noopener\">Kulinarisches Fr\u00fchst\u00fcck in &amp; aus dem Wurzgarten<\/a><\/p>\n\n\n\n<p>14:00 \u2013 14:45 Uhr \u2013 <a href=\"https:\/\/www.wuennenberg-bueren.de\/zweckverband\/rund-um-die-brennnessel\/\" target=\"_blank\" rel=\"noreferrer noopener\">Rund um die Brennnessel<\/a><\/p>\n\n\n\n<p>15:00 \u2013 15:30 Uhr &#8211; <a href=\"https:\/\/www.wuennenberg-bueren.de\/zweckverband\/einfuehrung-in-das-naturnahe-gaertnern\/\" target=\"_blank\" rel=\"noreferrer noopener\">Einf\u00fchrung in das naturnahe G\u00e4rtnern <\/a><\/p>\n\n\n\n<p>16:00 \u2013 16:45 Uhr &#8211; <a href=\"https:\/\/www.wuennenberg-bueren.de\/zweckverband\/aetherische-oele\/\" target=\"_blank\" rel=\"noreferrer noopener\">\u00c4therische \u00d6le<\/a> <\/p>\n\n\n\n<div style=\"height:53px\" aria-hidden=\"true\" class=\"wp-block-spacer\"><\/div>\n\n\n\n<figure class=\"wp-block-image size-large\"><img loading=\"lazy\" decoding=\"async\" width=\"1024\" height=\"1024\" src=\"https:\/\/www.wuennenberg-bueren.de\/zweckverband\/wp-content\/uploads\/2024\/01\/lwl_tage_gaerten_parks_quadrat_1080x1080_20240111_mitlogoleiste-1024x1024.jpg\" alt=\"\" class=\"wp-image-1675\" srcset=\"https:\/\/www.wuennenberg-bueren.de\/zweckverband\/wp-content\/uploads\/2024\/01\/lwl_tage_gaerten_parks_quadrat_1080x1080_20240111_mitlogoleiste-1024x1024.jpg 1024w, https:\/\/www.wuennenberg-bueren.de\/zweckverband\/wp-content\/uploads\/2024\/01\/lwl_tage_gaerten_parks_quadrat_1080x1080_20240111_mitlogoleiste-300x300.jpg 300w, https:\/\/www.wuennenberg-bueren.de\/zweckverband\/wp-content\/uploads\/2024\/01\/lwl_tage_gaerten_parks_quadrat_1080x1080_20240111_mitlogoleiste-150x150.jpg 150w, https:\/\/www.wuennenberg-bueren.de\/zweckverband\/wp-content\/uploads\/2024\/01\/lwl_tage_gaerten_parks_quadrat_1080x1080_20240111_mitlogoleiste-768x768.jpg 768w, https:\/\/www.wuennenberg-bueren.de\/zweckverband\/wp-content\/uploads\/2024\/01\/lwl_tage_gaerten_parks_quadrat_1080x1080_20240111_mitlogoleiste.jpg 1080w\" sizes=\"auto, (max-width: 1024px) 100vw, 1024px\" \/><\/figure>\n\n\n\n<div style=\"height:53px\" aria-hidden=\"true\" class=\"wp-block-spacer\"><\/div>\n\n\n\n<p><strong>ANFAHRT:<\/strong><\/p>\n\n\n\n<figure class=\"wp-block-image size-large\"><img loading=\"lazy\" decoding=\"async\" width=\"1024\" height=\"724\" src=\"https:\/\/www.wuennenberg-bueren.de\/zweckverband\/wp-content\/uploads\/2020\/11\/Lageplan_reduziert_2-1024x724.jpg\" alt=\"\" class=\"wp-image-733\" srcset=\"https:\/\/www.wuennenberg-bueren.de\/zweckverband\/wp-content\/uploads\/2020\/11\/Lageplan_reduziert_2-1024x724.jpg 1024w, https:\/\/www.wuennenberg-bueren.de\/zweckverband\/wp-content\/uploads\/2020\/11\/Lageplan_reduziert_2-300x212.jpg 300w, https:\/\/www.wuennenberg-bueren.de\/zweckverband\/wp-content\/uploads\/2020\/11\/Lageplan_reduziert_2-768x543.jpg 768w, https:\/\/www.wuennenberg-bueren.de\/zweckverband\/wp-content\/uploads\/2020\/11\/Lageplan_reduziert_2-1536x1086.jpg 1536w, https:\/\/www.wuennenberg-bueren.de\/zweckverband\/wp-content\/uploads\/2020\/11\/Lageplan_reduziert_2-2048x1448.jpg 2048w\" sizes=\"auto, (max-width: 1024px) 100vw, 1024px\" \/><\/figure>\n\n\n\n<div style=\"height:53px\" aria-hidden=\"true\" class=\"wp-block-spacer\"><\/div>\n\n\n\n<figure class=\"wp-block-gallery has-nested-images columns-default is-cropped wp-block-gallery-1 is-layout-flex wp-block-gallery-is-layout-flex\">\n<figure class=\"wp-block-image size-large\"><img loading=\"lazy\" decoding=\"async\" width=\"1024\" height=\"1004\" data-id=\"919\" src=\"https:\/\/www.wuennenberg-bueren.de\/zweckverband\/wp-content\/uploads\/2021\/08\/20200902_144809-scaled-e1627890601877-1024x1004.jpg\" alt=\"\" class=\"wp-image-919\" srcset=\"https:\/\/www.wuennenberg-bueren.de\/zweckverband\/wp-content\/uploads\/2021\/08\/20200902_144809-scaled-e1627890601877-1024x1004.jpg 1024w, https:\/\/www.wuennenberg-bueren.de\/zweckverband\/wp-content\/uploads\/2021\/08\/20200902_144809-scaled-e1627890601877-300x294.jpg 300w, https:\/\/www.wuennenberg-bueren.de\/zweckverband\/wp-content\/uploads\/2021\/08\/20200902_144809-scaled-e1627890601877-768x753.jpg 768w, https:\/\/www.wuennenberg-bueren.de\/zweckverband\/wp-content\/uploads\/2021\/08\/20200902_144809-scaled-e1627890601877-1536x1506.jpg 1536w, https:\/\/www.wuennenberg-bueren.de\/zweckverband\/wp-content\/uploads\/2021\/08\/20200902_144809-scaled-e1627890601877.jpg 1958w\" sizes=\"auto, (max-width: 1024px) 100vw, 1024px\" \/><\/figure>\n\n\n\n<figure class=\"wp-block-image size-large\"><img loading=\"lazy\" decoding=\"async\" width=\"1024\" height=\"462\" data-id=\"1239\" src=\"https:\/\/www.wuennenberg-bueren.de\/zweckverband\/wp-content\/uploads\/2022\/11\/Wurzgarten-Presseartikel_10_08_2022-1024x462.jpg\" alt=\"\" class=\"wp-image-1239\" srcset=\"https:\/\/www.wuennenberg-bueren.de\/zweckverband\/wp-content\/uploads\/2022\/11\/Wurzgarten-Presseartikel_10_08_2022-1024x462.jpg 1024w, https:\/\/www.wuennenberg-bueren.de\/zweckverband\/wp-content\/uploads\/2022\/11\/Wurzgarten-Presseartikel_10_08_2022-300x135.jpg 300w, https:\/\/www.wuennenberg-bueren.de\/zweckverband\/wp-content\/uploads\/2022\/11\/Wurzgarten-Presseartikel_10_08_2022-768x346.jpg 768w, https:\/\/www.wuennenberg-bueren.de\/zweckverband\/wp-content\/uploads\/2022\/11\/Wurzgarten-Presseartikel_10_08_2022.jpg 1384w\" sizes=\"auto, (max-width: 1024px) 100vw, 1024px\" \/><\/figure>\n\n\n\n<figure class=\"wp-block-image size-large\"><img loading=\"lazy\" decoding=\"async\" width=\"1024\" height=\"768\" data-id=\"710\" src=\"https:\/\/www.wuennenberg-bueren.de\/zweckverband\/wp-content\/uploads\/2020\/11\/20200917_135042-Gro\u00df-1024x768.jpg\" alt=\"\" class=\"wp-image-710\" srcset=\"https:\/\/www.wuennenberg-bueren.de\/zweckverband\/wp-content\/uploads\/2020\/11\/20200917_135042-Gro\u00df-1024x768.jpg 1024w, https:\/\/www.wuennenberg-bueren.de\/zweckverband\/wp-content\/uploads\/2020\/11\/20200917_135042-Gro\u00df-300x225.jpg 300w, https:\/\/www.wuennenberg-bueren.de\/zweckverband\/wp-content\/uploads\/2020\/11\/20200917_135042-Gro\u00df-768x576.jpg 768w, https:\/\/www.wuennenberg-bueren.de\/zweckverband\/wp-content\/uploads\/2020\/11\/20200917_135042-Gro\u00df.jpg 1440w\" sizes=\"auto, (max-width: 1024px) 100vw, 1024px\" \/><\/figure>\n\n\n\n<figure class=\"wp-block-image size-large\"><img loading=\"lazy\" decoding=\"async\" width=\"1024\" height=\"768\" data-id=\"693\" src=\"https:\/\/www.wuennenberg-bueren.de\/zweckverband\/wp-content\/uploads\/2020\/11\/20200917_145804-Gro\u00df-1024x768.jpg\" alt=\"\" class=\"wp-image-693\" srcset=\"https:\/\/www.wuennenberg-bueren.de\/zweckverband\/wp-content\/uploads\/2020\/11\/20200917_145804-Gro\u00df-1024x768.jpg 1024w, https:\/\/www.wuennenberg-bueren.de\/zweckverband\/wp-content\/uploads\/2020\/11\/20200917_145804-Gro\u00df-300x225.jpg 300w, https:\/\/www.wuennenberg-bueren.de\/zweckverband\/wp-content\/uploads\/2020\/11\/20200917_145804-Gro\u00df-768x576.jpg 768w, https:\/\/www.wuennenberg-bueren.de\/zweckverband\/wp-content\/uploads\/2020\/11\/20200917_145804-Gro\u00df.jpg 1440w\" sizes=\"auto, (max-width: 1024px) 100vw, 1024px\" \/><\/figure>\n\n\n\n<figure class=\"wp-block-image size-large\"><img loading=\"lazy\" decoding=\"async\" width=\"1024\" height=\"615\" data-id=\"692\" src=\"https:\/\/www.wuennenberg-bueren.de\/zweckverband\/wp-content\/uploads\/2020\/11\/20180227_122120_2-Gro\u00df-1024x615.jpg\" alt=\"\" class=\"wp-image-692\" srcset=\"https:\/\/www.wuennenberg-bueren.de\/zweckverband\/wp-content\/uploads\/2020\/11\/20180227_122120_2-Gro\u00df-1024x615.jpg 1024w, https:\/\/www.wuennenberg-bueren.de\/zweckverband\/wp-content\/uploads\/2020\/11\/20180227_122120_2-Gro\u00df-300x180.jpg 300w, https:\/\/www.wuennenberg-bueren.de\/zweckverband\/wp-content\/uploads\/2020\/11\/20180227_122120_2-Gro\u00df-768x461.jpg 768w, https:\/\/www.wuennenberg-bueren.de\/zweckverband\/wp-content\/uploads\/2020\/11\/20180227_122120_2-Gro\u00df-1536x923.jpg 1536w, https:\/\/www.wuennenberg-bueren.de\/zweckverband\/wp-content\/uploads\/2020\/11\/20180227_122120_2-Gro\u00df.jpg 1798w\" sizes=\"auto, (max-width: 1024px) 100vw, 1024px\" \/><\/figure>\n\n\n\n<figure class=\"wp-block-image size-large\"><img loading=\"lazy\" decoding=\"async\" width=\"1024\" height=\"768\" data-id=\"685\" src=\"https:\/\/www.wuennenberg-bueren.de\/zweckverband\/wp-content\/uploads\/2020\/11\/20200917_134912-Gro\u00df-1024x768.jpg\" alt=\"\" class=\"wp-image-685\" srcset=\"https:\/\/www.wuennenberg-bueren.de\/zweckverband\/wp-content\/uploads\/2020\/11\/20200917_134912-Gro\u00df-1024x768.jpg 1024w, https:\/\/www.wuennenberg-bueren.de\/zweckverband\/wp-content\/uploads\/2020\/11\/20200917_134912-Gro\u00df-300x225.jpg 300w, https:\/\/www.wuennenberg-bueren.de\/zweckverband\/wp-content\/uploads\/2020\/11\/20200917_134912-Gro\u00df-768x576.jpg 768w, https:\/\/www.wuennenberg-bueren.de\/zweckverband\/wp-content\/uploads\/2020\/11\/20200917_134912-Gro\u00df.jpg 1440w\" sizes=\"auto, (max-width: 1024px) 100vw, 1024px\" \/><\/figure>\n<\/figure>\n\n\n\n<div style=\"height:53px\" aria-hidden=\"true\" class=\"wp-block-spacer\"><\/div>\n","protected":false},"excerpt":{"rendered":"<p>Ort: Wurzgarten B\u00fcren Datum: Samstag, den 08. Juni &amp; Sonntag, den 09. Juni 2024 In diesem Jahr \u00f6ffnet der Wurzgarten in B\u00fcren seine &#8222;Gartentore&#8220; das erste Mal an den &#8222;Tagen der G\u00e4rten &amp; Parks in Westfalen-Lippe&#8220;. Die &#8222;Freunde des Wurzgartens&#8220; freuen sich, f\u00fcr beide Tage ein tolles Programm anbieten zu [&hellip;]<\/p>\n","protected":false},"author":2,"featured_media":1679,"comment_status":"closed","ping_status":"closed","sticky":false,"template":"","format":"standard","meta":{"footnotes":""},"categories":[11],"tags":[],"class_list":["post-1674","post","type-post","status-publish","format-standard","has-post-thumbnail","hentry","category-veranstaltungsarchiv"],"_links":{"self":[{"href":"https:\/\/www.wuennenberg-bueren.de\/zweckverband\/wp-json\/wp\/v2\/posts\/1674","targetHints":{"allow":["GET"]}}],"collection":[{"href":"https:\/\/www.wuennenberg-bueren.de\/zweckverband\/wp-json\/wp\/v2\/posts"}],"about":[{"href":"https:\/\/www.wuennenberg-bueren.de\/zweckverband\/wp-json\/wp\/v2\/types\/post"}],"author":[{"embeddable":true,"href":"https:\/\/www.wuennenberg-bueren.de\/zweckverband\/wp-json\/wp\/v2\/users\/2"}],"replies":[{"embeddable":true,"href":"https:\/\/www.wuennenberg-bueren.de\/zweckverband\/wp-json\/wp\/v2\/comments?post=1674"}],"version-history":[{"count":19,"href":"https:\/\/www.wuennenberg-bueren.de\/zweckverband\/wp-json\/wp\/v2\/posts\/1674\/revisions"}],"predecessor-version":[{"id":1878,"href":"https:\/\/www.wuennenberg-bueren.de\/zweckverband\/wp-json\/wp\/v2\/posts\/1674\/revisions\/1878"}],"wp:featuredmedia":[{"embeddable":true,"href":"https:\/\/www.wuennenberg-bueren.de\/zweckverband\/wp-json\/wp\/v2\/media\/1679"}],"wp:attachment":[{"href":"https:\/\/www.wuennenberg-bueren.de\/zweckverband\/wp-json\/wp\/v2\/media?parent=1674"}],"wp:term":[{"taxonomy":"category","embeddable":true,"href":"https:\/\/www.wuennenberg-bueren.de\/zweckverband\/wp-json\/wp\/v2\/categories?post=1674"},{"taxonomy":"post_tag","embeddable":true,"href":"https:\/\/www.wuennenberg-bueren.de\/zweckverband\/wp-json\/wp\/v2\/tags?post=1674"}],"curies":[{"name":"wp","href":"https:\/\/api.w.org\/{rel}","templated":true}]}}