{"id":1579,"date":"2023-10-10T13:28:45","date_gmt":"2023-10-10T11:28:45","guid":{"rendered":"https:\/\/www.wuennenberg-bueren.de\/zweckverband\/?p=1579"},"modified":"2023-10-10T13:28:47","modified_gmt":"2023-10-10T11:28:47","slug":"der-wurzgarten-in-bueren","status":"publish","type":"post","link":"https:\/\/www.wuennenberg-bueren.de\/zweckverband\/2023\/10\/10\/der-wurzgarten-in-bueren\/","title":{"rendered":"Der Wurzgarten in B\u00fcren"},"content":{"rendered":"\n<p>Der Edelherr Moritz von B\u00fcren (1604-1661) vermachte sein ganzes Verm\u00f6gen an die Gesellschaft Jesu. Diese erbaute von 1717-1728 das Jesuitenkolleg (heute Mauritius-Gymnnasium)und anschlie\u00dfend die Kirche Maria Immaculata, welche im Volksmund Jesuitenkirche genannt wird.<\/p>\n\n\n\n<p>Als Missionare arbeiteten die Jesuiten besonders in China, Indien, Japan und Amerika. Von ihren Missionsreisen brachten sie viele Heilpflanzen mit, welche sie in ihren eigenen G\u00e4rten kultivierten. Im regen Austausch untereinander schafften die Jesuiten so eine hochentwickelte Heilkunst.<\/p>\n\n\n\n<p>Einer dieser G\u00e4rten war der \u201eWurzgarten\u201c in B\u00fcren, welcher hinter der \u00d6konomie am Jesuitenkolleg angelegt wurde. Die sogenannte \u201eB\u00fcrener Jesuitenapotheke\u201c geh\u00f6rte zu den bedeutenden Institutionen der Heilmittelversorgung Westfalens.<\/p>\n\n\n\n<p>Obwohl zuerst die Heilpflanzen nur f\u00fcr die Mitbr\u00fcder bestimmt waren, profitierte schon bald die Bev\u00f6lkerung von den Pflanzen und deren Erzeugnisse. So entstanden bereits Mitte des 16. Jahrhunderts &nbsp;ordenseigene Apotheken, um die Arzneimittelversorgung in der Bev\u00f6lkerung sicherzustellen.<\/p>\n\n\n\n<p>Weitere <strong>Informationen zum Wurzgarten<\/strong> finden Sie hier:<\/p>\n\n\n\n<ul class=\"wp-block-list\">\n<li><a aria-label=\"undefined (opens in a new tab)\" href=\"https:\/\/www.wuennenberg-bueren.de\/zweckverband\/wurzgarten-bueren\/\" target=\"_blank\" rel=\"noreferrer noopener\">Allgemeine Informationen<\/a><\/li>\n\n\n\n<li>Geschichte<\/li>\n\n\n\n<li><a aria-label=\"undefined (opens in a new tab)\" href=\"https:\/\/www.wuennenberg-bueren.de\/zweckverband\/?page_id=697\" target=\"_blank\" rel=\"noreferrer noopener\">Der Selberversorger-Garten<\/a><\/li>\n\n\n\n<li><a aria-label=\"undefined (opens in a new tab)\" href=\"https:\/\/www.wuennenberg-bueren.de\/zweckverband\/wurzgarten-der-naturnahe-garten\/\" target=\"_blank\" rel=\"noreferrer noopener\">Der naturnahe Garten<\/a><\/li>\n\n\n\n<li><a aria-label=\"undefined (opens in a new tab)\" href=\"https:\/\/www.wuennenberg-bueren.de\/zweckverband\/wurzgarten-heimische-wildpflanzen\/\" target=\"_blank\" rel=\"noreferrer noopener\">Heimische Wildpflanzen<\/a><\/li>\n\n\n\n<li><a aria-label=\"undefined (opens in a new tab)\" href=\"https:\/\/www.wuennenberg-bueren.de\/zweckverband\/wurzgarten-der-wildtierfreundliche-garten\/\" target=\"_blank\" rel=\"noreferrer noopener\">Der Wildtierfreundliche Garten<\/a><\/li>\n\n\n\n<li><a aria-label=\"undefined (opens in a new tab)\" href=\"https:\/\/www.wuennenberg-bueren.de\/zweckverband\/wurzgarten-kontakt-und-lageplan\/\" target=\"_blank\" rel=\"noreferrer noopener\">Kontakt und Lageplan<\/a><\/li>\n<\/ul>\n\n\n\n<p>Den Flyer zum Download gibt es hier: <a href=\"https:\/\/www.wuennenberg-bueren.de\/zweckverband\/wp-content\/uploads\/2021\/03\/Flyer-Wurzgarten.pdf\" target=\"_blank\" rel=\"noreferrer noopener\">Flyer-Wurzgarten<\/a><\/p>\n\n\n\n<figure class=\"wp-block-image size-large\"><img loading=\"lazy\" decoding=\"async\" width=\"1024\" height=\"768\" src=\"https:\/\/www.wuennenberg-bueren.de\/zweckverband\/wp-content\/uploads\/2020\/11\/20200917_145804-Gro\u00df-1024x768.jpg\" alt=\"\" class=\"wp-image-693\" srcset=\"https:\/\/www.wuennenberg-bueren.de\/zweckverband\/wp-content\/uploads\/2020\/11\/20200917_145804-Gro\u00df-1024x768.jpg 1024w, https:\/\/www.wuennenberg-bueren.de\/zweckverband\/wp-content\/uploads\/2020\/11\/20200917_145804-Gro\u00df-300x225.jpg 300w, https:\/\/www.wuennenberg-bueren.de\/zweckverband\/wp-content\/uploads\/2020\/11\/20200917_145804-Gro\u00df-768x576.jpg 768w, https:\/\/www.wuennenberg-bueren.de\/zweckverband\/wp-content\/uploads\/2020\/11\/20200917_145804-Gro\u00df.jpg 1440w\" sizes=\"auto, (max-width: 1024px) 100vw, 1024px\" \/><\/figure>\n\n\n\n<div style=\"height:9px\" aria-hidden=\"true\" class=\"wp-block-spacer\"><\/div>\n\n\n\n<figure class=\"wp-block-image size-large\"><img loading=\"lazy\" decoding=\"async\" width=\"1024\" height=\"615\" src=\"https:\/\/www.wuennenberg-bueren.de\/zweckverband\/wp-content\/uploads\/2020\/11\/20180227_122120_2-Gro\u00df-1024x615.jpg\" alt=\"\" class=\"wp-image-692\" srcset=\"https:\/\/www.wuennenberg-bueren.de\/zweckverband\/wp-content\/uploads\/2020\/11\/20180227_122120_2-Gro\u00df-1024x615.jpg 1024w, https:\/\/www.wuennenberg-bueren.de\/zweckverband\/wp-content\/uploads\/2020\/11\/20180227_122120_2-Gro\u00df-300x180.jpg 300w, https:\/\/www.wuennenberg-bueren.de\/zweckverband\/wp-content\/uploads\/2020\/11\/20180227_122120_2-Gro\u00df-768x461.jpg 768w, https:\/\/www.wuennenberg-bueren.de\/zweckverband\/wp-content\/uploads\/2020\/11\/20180227_122120_2-Gro\u00df-1536x923.jpg 1536w, https:\/\/www.wuennenberg-bueren.de\/zweckverband\/wp-content\/uploads\/2020\/11\/20180227_122120_2-Gro\u00df.jpg 1798w\" sizes=\"auto, (max-width: 1024px) 100vw, 1024px\" \/><\/figure>\n\n\n\n<div style=\"height:100px\" aria-hidden=\"true\" class=\"wp-block-spacer\"><\/div>\n\n\n<div class=\"wp-block-image\">\n<figure class=\"aligncenter size-large\"><img loading=\"lazy\" decoding=\"async\" width=\"1024\" height=\"221\" src=\"https:\/\/www.wuennenberg-bueren.de\/zweckverband\/wp-content\/uploads\/2021\/08\/LEADER_Wurzgarten-1024x221.jpg\" alt=\"\" class=\"wp-image-925\" srcset=\"https:\/\/www.wuennenberg-bueren.de\/zweckverband\/wp-content\/uploads\/2021\/08\/LEADER_Wurzgarten-1024x221.jpg 1024w, https:\/\/www.wuennenberg-bueren.de\/zweckverband\/wp-content\/uploads\/2021\/08\/LEADER_Wurzgarten-300x65.jpg 300w, https:\/\/www.wuennenberg-bueren.de\/zweckverband\/wp-content\/uploads\/2021\/08\/LEADER_Wurzgarten-768x166.jpg 768w, https:\/\/www.wuennenberg-bueren.de\/zweckverband\/wp-content\/uploads\/2021\/08\/LEADER_Wurzgarten-1536x332.jpg 1536w, https:\/\/www.wuennenberg-bueren.de\/zweckverband\/wp-content\/uploads\/2021\/08\/LEADER_Wurzgarten.jpg 1862w\" sizes=\"auto, (max-width: 1024px) 100vw, 1024px\" \/><\/figure>\n<\/div>\n\n\n<div style=\"height:100px\" aria-hidden=\"true\" class=\"wp-block-spacer\"><\/div>\n","protected":false},"excerpt":{"rendered":"<p>Der Edelherr Moritz von B\u00fcren (1604-1661) vermachte sein ganzes Verm\u00f6gen an die Gesellschaft Jesu. Diese erbaute von 1717-1728 das Jesuitenkolleg (heute Mauritius-Gymnnasium)und anschlie\u00dfend die Kirche Maria Immaculata, welche im Volksmund Jesuitenkirche genannt wird. Als Missionare arbeiteten die Jesuiten besonders in China, Indien, Japan und Amerika. Von ihren Missionsreisen brachten sie [&hellip;]<\/p>\n","protected":false},"author":2,"featured_media":693,"comment_status":"open","ping_status":"open","sticky":false,"template":"","format":"standard","meta":{"footnotes":""},"categories":[6],"tags":[],"class_list":["post-1579","post","type-post","status-publish","format-standard","has-post-thumbnail","hentry","category-historisches-hautnah"],"_links":{"self":[{"href":"https:\/\/www.wuennenberg-bueren.de\/zweckverband\/wp-json\/wp\/v2\/posts\/1579","targetHints":{"allow":["GET"]}}],"collection":[{"href":"https:\/\/www.wuennenberg-bueren.de\/zweckverband\/wp-json\/wp\/v2\/posts"}],"about":[{"href":"https:\/\/www.wuennenberg-bueren.de\/zweckverband\/wp-json\/wp\/v2\/types\/post"}],"author":[{"embeddable":true,"href":"https:\/\/www.wuennenberg-bueren.de\/zweckverband\/wp-json\/wp\/v2\/users\/2"}],"replies":[{"embeddable":true,"href":"https:\/\/www.wuennenberg-bueren.de\/zweckverband\/wp-json\/wp\/v2\/comments?post=1579"}],"version-history":[{"count":1,"href":"https:\/\/www.wuennenberg-bueren.de\/zweckverband\/wp-json\/wp\/v2\/posts\/1579\/revisions"}],"predecessor-version":[{"id":1580,"href":"https:\/\/www.wuennenberg-bueren.de\/zweckverband\/wp-json\/wp\/v2\/posts\/1579\/revisions\/1580"}],"wp:featuredmedia":[{"embeddable":true,"href":"https:\/\/www.wuennenberg-bueren.de\/zweckverband\/wp-json\/wp\/v2\/media\/693"}],"wp:attachment":[{"href":"https:\/\/www.wuennenberg-bueren.de\/zweckverband\/wp-json\/wp\/v2\/media?parent=1579"}],"wp:term":[{"taxonomy":"category","embeddable":true,"href":"https:\/\/www.wuennenberg-bueren.de\/zweckverband\/wp-json\/wp\/v2\/categories?post=1579"},{"taxonomy":"post_tag","embeddable":true,"href":"https:\/\/www.wuennenberg-bueren.de\/zweckverband\/wp-json\/wp\/v2\/tags?post=1579"}],"curies":[{"name":"wp","href":"https:\/\/api.w.org\/{rel}","templated":true}]}}