{"id":1377,"date":"2023-03-01T07:00:00","date_gmt":"2023-03-01T06:00:00","guid":{"rendered":"https:\/\/www.wuennenberg-bueren.de\/zweckverband\/?p=1377"},"modified":"2023-03-29T08:34:20","modified_gmt":"2023-03-29T06:34:20","slug":"wie-bereite-ich-meinen-garten-auf-den-sommer-vor","status":"publish","type":"post","link":"https:\/\/www.wuennenberg-bueren.de\/zweckverband\/2023\/03\/01\/wie-bereite-ich-meinen-garten-auf-den-sommer-vor\/","title":{"rendered":"<strong><u>Wie bereite ich meinen Garten auf den Sommer vor?<\/u><\/strong>"},"content":{"rendered":"\n<p><strong>Kolumne \u2013 M\u00e4rz 2023<\/strong><\/p>\n\n\n\n<p><em>Sie fragen, der Zweckverband antwortet.<\/em><\/p>\n\n\n\n<p>Die Tage werden heller, die Temperaturen verbleiben mild und der Fr\u00fchling zieht langsam ein. Es wird also Zeit, sich f\u00fcr den Sommer vorzubereiten.<\/p>\n\n\n\n<p>Herausforderungen der letzten Jahre waren anhaltende Hitze und wenig Regen. Wer also seinen Garten nicht auf \u00e4hnliches Wetter vorbereitet, wird im Sommer viel Zeit mit Gie\u00dfen verbringen m\u00fcssen. Die Devise lautet daher: den Garten \u201esommerfest\u201c zu machen.<\/p>\n\n\n\n<p>Zwei Punkte sind hierf\u00fcr wichtig: gen\u00fcgend Wasser bereithalten und den Wasserbedarf reduzieren. Wasser kann man beispielsweise kosteng\u00fcnstig in Regentonnen oder Gartenteichen sammeln. Je nach Gartentyp, braucht man mehr oder weniger Wasser: gut angewachsene Staudenbeete ben\u00f6tigen weniger Wasser als Gem\u00fcsebeete.<\/p>\n\n\n\n<p>Es lohnt sich jedoch auch, den Wasserbedarf im Garten zu reduzieren. Zierrasen verbraucht bspw. sehr viel Wasser. Daher lohnt es sich, die Rasenfl\u00e4che zu verkleinern und das Staudenbeet zu vergr\u00f6\u00dfern.<\/p>\n\n\n\n<p>Aber nicht nur Sonne und hohe Temperaturen kurbeln den Wasserbedarf von Pflanzen an, sondern auch Wind, karge Bepflanzung und Fl\u00e4chenversiegelung.<\/p>\n\n\n\n<p>Den Wind kann man bspw. mit B\u00e4umen, Hecken oder Str\u00e4uchern bremsen und ableiten. Hierf\u00fcr reicht bereits eine 1,50m hohe Hecke aus, um den Wind 25 Meter abzuleiten. Der Schatten der Geh\u00f6lze und Str\u00e4ucher tr\u00e4gt ebenfalls dazu bei, dass sich die Temperaturen senken. Deshalb sollte eine Bepflanzung auch immer \u00fcppig sein, damit sich die Pflanzen bodennah gegenseitig Schatten spenden.<\/p>\n\n\n\n<p>Auch Terrassen und Gehwege heizen sich im Sommer stark auf und tragen zu einem h\u00f6heren Wasserbedarf der Pflanzen bei. Jetzt ist also die richtige Zeit, alle Terrassen und Gehwege zu \u00fcberdenken und gegebenenfalls zur\u00fcckzubauen.<\/p>\n\n\n\n<p>Und das Sch\u00f6ne ist: ein \u201esommerfester\u201c Garten hilft sowohl dem Gartenbesitzer, als auch den Gartenbewohnern. Besonders Wildtiere, wie Amphibien, brauchen ausreichend Wasser im Garten, um hei\u00dfe Sommertage \u00fcberdauern zu k\u00f6nnen.<\/p>\n\n\n\n<p><a href=\"https:\/\/www.wuennenberg-bueren.de\/zweckverband\/2019\/03\/13\/amphibienwanderung-was-muss-ich-im-strassenverkehr-wissen\/\" target=\"_blank\" rel=\"noreferrer noopener\">!! Achtung, in milden N\u00e4chten k\u00f6nnen bereits Amphibien wandern. Augen auf im Stra\u00dfenverkehr. !!<\/a><\/p>\n\n\n\n<p><em>Mehr zum Thema \u201eNaturnaher Garten<\/em><em>\u201c<\/em><em> finden Sie hier \u2013 <\/em><a href=\"https:\/\/www.wuennenberg-bueren.de\/zweckverband\/category\/aktuelles\/\" target=\"_blank\" rel=\"noreferrer noopener\"><em>Aktuelles<\/em><\/a><\/p>\n\n\n\n<p><em>Sie haben eine andere Frage? Schicken Sie sie&nbsp;einfach an <\/em><a href=\"mailto:erholungsgebiet@wuennenberg-bueren.de\"><em>erholungsgebiet@wuennenberg-bueren.de<\/em><\/a><em>.<\/em><\/p>\n\n\n\n<figure class=\"wp-block-image size-large\"><img loading=\"lazy\" decoding=\"async\" width=\"1024\" height=\"769\" src=\"https:\/\/www.wuennenberg-bueren.de\/zweckverband\/wp-content\/uploads\/2023\/02\/2023-03-Sommerfeste_Gaerten-1024x769.jpg\" alt=\"\" class=\"wp-image-1378\" srcset=\"https:\/\/www.wuennenberg-bueren.de\/zweckverband\/wp-content\/uploads\/2023\/02\/2023-03-Sommerfeste_Gaerten-1024x769.jpg 1024w, https:\/\/www.wuennenberg-bueren.de\/zweckverband\/wp-content\/uploads\/2023\/02\/2023-03-Sommerfeste_Gaerten-300x225.jpg 300w, https:\/\/www.wuennenberg-bueren.de\/zweckverband\/wp-content\/uploads\/2023\/02\/2023-03-Sommerfeste_Gaerten-768x577.jpg 768w, https:\/\/www.wuennenberg-bueren.de\/zweckverband\/wp-content\/uploads\/2023\/02\/2023-03-Sommerfeste_Gaerten.jpg 1280w\" sizes=\"auto, (max-width: 1024px) 100vw, 1024px\" \/><figcaption class=\"wp-element-caption\">F\u00fcr \u201esommerfeste\u201c G\u00e4rten muss man Regenwasser sammeln und den Wasserbedarf reduzieren. Fr\u00f6sche und Co profitieren hiervon auch. Foto: Garak01, Pixabay.<\/figcaption><\/figure>\n","protected":false},"excerpt":{"rendered":"<p>Kolumne \u2013 M\u00e4rz 2023 Sie fragen, der Zweckverband antwortet. Die Tage werden heller, die Temperaturen verbleiben mild und der Fr\u00fchling zieht langsam ein. Es wird also Zeit, sich f\u00fcr den Sommer vorzubereiten. Herausforderungen der letzten Jahre waren anhaltende Hitze und wenig Regen. Wer also seinen Garten nicht auf \u00e4hnliches Wetter [&hellip;]<\/p>\n","protected":false},"author":2,"featured_media":1378,"comment_status":"closed","ping_status":"closed","sticky":false,"template":"","format":"standard","meta":{"footnotes":""},"categories":[7,21],"tags":[],"class_list":["post-1377","post","type-post","status-publish","format-standard","has-post-thumbnail","hentry","category-aktuelles","category-naturnahe-gartengestaltung"],"_links":{"self":[{"href":"https:\/\/www.wuennenberg-bueren.de\/zweckverband\/wp-json\/wp\/v2\/posts\/1377","targetHints":{"allow":["GET"]}}],"collection":[{"href":"https:\/\/www.wuennenberg-bueren.de\/zweckverband\/wp-json\/wp\/v2\/posts"}],"about":[{"href":"https:\/\/www.wuennenberg-bueren.de\/zweckverband\/wp-json\/wp\/v2\/types\/post"}],"author":[{"embeddable":true,"href":"https:\/\/www.wuennenberg-bueren.de\/zweckverband\/wp-json\/wp\/v2\/users\/2"}],"replies":[{"embeddable":true,"href":"https:\/\/www.wuennenberg-bueren.de\/zweckverband\/wp-json\/wp\/v2\/comments?post=1377"}],"version-history":[{"count":1,"href":"https:\/\/www.wuennenberg-bueren.de\/zweckverband\/wp-json\/wp\/v2\/posts\/1377\/revisions"}],"predecessor-version":[{"id":1379,"href":"https:\/\/www.wuennenberg-bueren.de\/zweckverband\/wp-json\/wp\/v2\/posts\/1377\/revisions\/1379"}],"wp:featuredmedia":[{"embeddable":true,"href":"https:\/\/www.wuennenberg-bueren.de\/zweckverband\/wp-json\/wp\/v2\/media\/1378"}],"wp:attachment":[{"href":"https:\/\/www.wuennenberg-bueren.de\/zweckverband\/wp-json\/wp\/v2\/media?parent=1377"}],"wp:term":[{"taxonomy":"category","embeddable":true,"href":"https:\/\/www.wuennenberg-bueren.de\/zweckverband\/wp-json\/wp\/v2\/categories?post=1377"},{"taxonomy":"post_tag","embeddable":true,"href":"https:\/\/www.wuennenberg-bueren.de\/zweckverband\/wp-json\/wp\/v2\/tags?post=1377"}],"curies":[{"name":"wp","href":"https:\/\/api.w.org\/{rel}","templated":true}]}}