{"id":1371,"date":"2023-02-01T07:00:00","date_gmt":"2023-02-01T06:00:00","guid":{"rendered":"https:\/\/www.wuennenberg-bueren.de\/zweckverband\/?p=1371"},"modified":"2023-01-24T13:21:30","modified_gmt":"2023-01-24T12:21:30","slug":"wie-beeinflussen-milde-wintertemperaturen-die-natur","status":"publish","type":"post","link":"https:\/\/www.wuennenberg-bueren.de\/zweckverband\/2023\/02\/01\/wie-beeinflussen-milde-wintertemperaturen-die-natur\/","title":{"rendered":"Wie beeinflussen milde Wintertemperaturen die Natur?"},"content":{"rendered":"\n<p><strong>Kolumne \u2013 Februar 2023<\/strong><\/p>\n\n\n\n<p><em>Sie fragen, der Zweckverband antwortet.<\/em><\/p>\n\n\n\n<p>Wer mit offenen Augen durch die Natur geht, kann schon die ersten Pflanzen bl\u00fchen sehen. An den Haselnussstr\u00e4uchern h\u00e4ngen bereits die K\u00e4tzchenbl\u00fcten und die Forsythien strahlen in einem leuchtenden Gelb. Laut ph\u00e4nologischem Kalender, also dem Entwicklungszustand der Natur, befinden wir uns damit bereits im Vor- und Erstfr\u00fchling. Dicke, graue Wolken, Regen und kalte Temperaturen tr\u00fcgen unser Empfinden. Im Februar wird es oft noch einmal richtig kalt.<\/p>\n\n\n\n<p>Die heimische Pflanzenwelt ist an das winterliche Wetter angepasst. Sobald die Temperaturen sinken, wachsen Pflanzen nicht weiter. Junge Blatttriebe und Knospen ruhen in dieser Zeit, ohne Schaden zu nehmen. Ist der Austrieb jedoch aufgrund von milden Temperaturen ungew\u00f6hnlich weit fortgeschritten und tritt dann wieder eine Frostperiode auf, k\u00f6nnen Triebe, Knospen und Bl\u00fcten erfrieren. Besonders f\u00fcr Obstb\u00e4ume kann daher ein milder Winter mit sp\u00e4ter Frostperiode zum Ernteausfall f\u00fchren.<\/p>\n\n\n\n<p>Auch heimische S\u00e4ugetiere, Amphibien und Insekten sind an den Winter und Temperaturunterschiede angepasst. Doch \u00e4hnlich wie bei den Pflanzen, kann auch ein milder Winter Nachteile haben. Dies ist immer dann der Fall, wenn auf eine l\u00e4nger anhaltende Warmperiode eine K\u00e4lteperiode folgt. Das Wechselspiel zwischen \u201eOrganismus hochfahren\u201c und \u201eOrganismus runterfahren\u201c verbraucht mehr Energie, als bei dem winterlichen Nahrungsangebot aufgenommen werden kann.<\/p>\n\n\n\n<p>In der Vogelwelt bringt ein milder Winter \u201eZugfaulheit\u201c mit sich. Einige Arten bleiben daher vorerst in ihrem Brutgebiet. Das Nahrungsangebot kann hierdurch knapp werden. Auch k\u00f6nnen milde Temperaturen zu einer fr\u00fchen Brut f\u00fchren. Deswegen ist es wichtig, dass Hecken, Str\u00e4ucher und B\u00e4ume nur au\u00dferhalb der Brutzeit geschnitten werden. In Deutschland geht die Vogelbrutzeit vom 01. M\u00e4rz bis 30. September.<\/p>\n\n\n\n<p>Milde Winter haben somit Vor- und Nachteile f\u00fcr die Natur. Eine naturnahe Gartengestaltung unterst\u00fctzt die Natur hier am besten. Wer also noch kein Naturg\u00e4rtner ist, sollte in diesem Jahr damit anfangen.<\/p>\n\n\n\n<p><em>Mehr zum Thema \u201eNaturnaher Garten<\/em><em>\u201c<\/em><em> finden Sie hier \u2013 <\/em><a href=\"https:\/\/www.wuennenberg-bueren.de\/zweckverband\/category\/aktuelles\/\" target=\"_blank\" rel=\"noreferrer noopener\"><em>Aktuelles<\/em><\/a><\/p>\n\n\n\n<p><em>Sie haben eine andere Frage? Schicken Sie sie&nbsp;einfach an <\/em><a href=\"mailto:erholungsgebiet@wuennenberg-bueren.de\"><em>erholungsgebiet@wuennenberg-bueren.de<\/em><\/a><em>.<\/em><\/p>\n\n\n\n<figure class=\"wp-block-image size-large\"><img loading=\"lazy\" decoding=\"async\" width=\"1024\" height=\"768\" src=\"https:\/\/www.wuennenberg-bueren.de\/zweckverband\/wp-content\/uploads\/2023\/01\/2023-02-Milde_Winter-1024x768.jpg\" alt=\"\" class=\"wp-image-1372\" srcset=\"https:\/\/www.wuennenberg-bueren.de\/zweckverband\/wp-content\/uploads\/2023\/01\/2023-02-Milde_Winter-1024x768.jpg 1024w, https:\/\/www.wuennenberg-bueren.de\/zweckverband\/wp-content\/uploads\/2023\/01\/2023-02-Milde_Winter-300x225.jpg 300w, https:\/\/www.wuennenberg-bueren.de\/zweckverband\/wp-content\/uploads\/2023\/01\/2023-02-Milde_Winter-768x576.jpg 768w, https:\/\/www.wuennenberg-bueren.de\/zweckverband\/wp-content\/uploads\/2023\/01\/2023-02-Milde_Winter.jpg 1280w\" sizes=\"auto, (max-width: 1024px) 100vw, 1024px\" \/><figcaption class=\"wp-element-caption\">Milde Wintertemperaturen lassen den Fr\u00fchling erwachen. Dies kann Vorteile, aber auch Nachteile f\u00fcr die Natur haben. Foto: LoggaWiggler, Pixabay.<\/figcaption><\/figure>\n","protected":false},"excerpt":{"rendered":"<p>Kolumne \u2013 Februar 2023 Sie fragen, der Zweckverband antwortet. Wer mit offenen Augen durch die Natur geht, kann schon die ersten Pflanzen bl\u00fchen sehen. An den Haselnussstr\u00e4uchern h\u00e4ngen bereits die K\u00e4tzchenbl\u00fcten und die Forsythien strahlen in einem leuchtenden Gelb. Laut ph\u00e4nologischem Kalender, also dem Entwicklungszustand der Natur, befinden wir uns [&hellip;]<\/p>\n","protected":false},"author":2,"featured_media":1372,"comment_status":"closed","ping_status":"closed","sticky":false,"template":"","format":"standard","meta":{"footnotes":""},"categories":[7,21],"tags":[],"class_list":["post-1371","post","type-post","status-publish","format-standard","has-post-thumbnail","hentry","category-aktuelles","category-naturnahe-gartengestaltung"],"_links":{"self":[{"href":"https:\/\/www.wuennenberg-bueren.de\/zweckverband\/wp-json\/wp\/v2\/posts\/1371","targetHints":{"allow":["GET"]}}],"collection":[{"href":"https:\/\/www.wuennenberg-bueren.de\/zweckverband\/wp-json\/wp\/v2\/posts"}],"about":[{"href":"https:\/\/www.wuennenberg-bueren.de\/zweckverband\/wp-json\/wp\/v2\/types\/post"}],"author":[{"embeddable":true,"href":"https:\/\/www.wuennenberg-bueren.de\/zweckverband\/wp-json\/wp\/v2\/users\/2"}],"replies":[{"embeddable":true,"href":"https:\/\/www.wuennenberg-bueren.de\/zweckverband\/wp-json\/wp\/v2\/comments?post=1371"}],"version-history":[{"count":2,"href":"https:\/\/www.wuennenberg-bueren.de\/zweckverband\/wp-json\/wp\/v2\/posts\/1371\/revisions"}],"predecessor-version":[{"id":1375,"href":"https:\/\/www.wuennenberg-bueren.de\/zweckverband\/wp-json\/wp\/v2\/posts\/1371\/revisions\/1375"}],"wp:featuredmedia":[{"embeddable":true,"href":"https:\/\/www.wuennenberg-bueren.de\/zweckverband\/wp-json\/wp\/v2\/media\/1372"}],"wp:attachment":[{"href":"https:\/\/www.wuennenberg-bueren.de\/zweckverband\/wp-json\/wp\/v2\/media?parent=1371"}],"wp:term":[{"taxonomy":"category","embeddable":true,"href":"https:\/\/www.wuennenberg-bueren.de\/zweckverband\/wp-json\/wp\/v2\/categories?post=1371"},{"taxonomy":"post_tag","embeddable":true,"href":"https:\/\/www.wuennenberg-bueren.de\/zweckverband\/wp-json\/wp\/v2\/tags?post=1371"}],"curies":[{"name":"wp","href":"https:\/\/api.w.org\/{rel}","templated":true}]}}