{"id":1366,"date":"2023-01-01T07:00:00","date_gmt":"2023-01-01T06:00:00","guid":{"rendered":"https:\/\/www.wuennenberg-bueren.de\/zweckverband\/?p=1366"},"modified":"2023-01-24T13:21:12","modified_gmt":"2023-01-24T12:21:12","slug":"wie-setze-ich-gute-vorsaetze-in-meinem-garten-um","status":"publish","type":"post","link":"https:\/\/www.wuennenberg-bueren.de\/zweckverband\/2023\/01\/01\/wie-setze-ich-gute-vorsaetze-in-meinem-garten-um\/","title":{"rendered":"Wie setze ich gute Vors\u00e4tze in meinem Garten um?"},"content":{"rendered":"\n<p><strong>Kolumne \u2013 Januar 2023<\/strong><\/p>\n\n\n\n<p><em>Sie fragen, der Zweckverband antwortet.<\/em><\/p>\n\n\n\n<p>Das neue Jahr ist angebrochen und mit dem Jahreswechsel kommen gute Vors\u00e4tze einher. Besonders im eigenen Garten haben gute Vors\u00e4tze eine gro\u00dfe Wirkung. Denn hier profitiert nicht nur der Mensch, sondern im besten Fall auch die Natur.<\/p>\n\n\n\n<p>Alles h\u00e4ngt im Garten irgendwie zusammen und eine Handlung bedingt die n\u00e4chste. Damit man hier nicht den \u00dcberblick verliert und vom G\u00e4rtnern gefrustet ist, sollte man sich klare Ziele stecken.<\/p>\n\n\n\n<p>Beispielsweise kann man \u201eHandlungsfelder\u201c oder \u201eAbteilungen\u201c definieren: Gem\u00fcseanbau, Insektenschutz, Vogelschutz, Resilienz und Arbeitsersparnis. Und f\u00fcr jedes Handlungsfeld oder Abteilung kann ein Ziel definiert werden.<\/p>\n\n\n\n<p>F\u00fcr den Gem\u00fcseanbau k\u00f6nnte es beispielsweise eine Gem\u00fcsepflanze sein, der man seine Aufmerksamkeit schenkt. Damit ist die Chance auf eine reichhaltige Ernte viel h\u00f6her, als wenn man 10 Pflanzen stiefm\u00fctterlich behandelt. Hat man die eine Pflanze in 2023 gemeistert, kann man in 2024 eine weitere dazu nehmen.<\/p>\n\n\n\n<p>Das gleiche gilt f\u00fcr den Insektenschutz. Im ersten Jahr f\u00e4ngt man mit einer Staude an und beobachtet all die Insekten, die von der einen Staude profitieren. Im n\u00e4chsten Jahr k\u00f6nnen ein oder zwei weitere Stauden dazu genommen werden.<\/p>\n\n\n\n<p>Mit der Gem\u00fcsepflanze und der Staude kann man bereits das n\u00e4chste Handlungsfeld angehen: Resilienz. Entweder entscheidet man sich bereits bei der Auswahl der Gem\u00fcsepflanze und Staude auf eine alte Sorte, bzw. eine heimische Art. Diese Sorten und Arten sind oft widerstandsf\u00e4higer gegen\u00fcber extremen Temperaturen oder Krankheiten. Oder man sammelt Regenwasser und nutzt dies als Gie\u00dfwasser. Beide M\u00f6glichkeiten f\u00f6rdern die Resilienz, also die Widerstandsf\u00e4higkeit des eigenen Gartens.<\/p>\n\n\n\n<p>Somit sind vielleicht schon drei neue Aufgaben f\u00fcr den Garten definiert: Gem\u00fcsepflanze und Staude einpflanzen und pflegen. Zus\u00e4tzlich Regenwasser sammeln.<\/p>\n\n\n\n<p>Jetzt sind aber immer noch zwei Handlungsfelder \u00fcbrig: der Vogelschutz und die Arbeitsersparnis. Diese beiden Handlungsfelder k\u00f6nnen aber ganz leicht Hand in Hand gehen. Denn von weniger Arbeitseifer kann die Natur profitieren. Einfach mal eine Ecke wild wachsen lassen, die Hecke nur einmal im Winterhalbjahr schneiden oder die Stauden im Herbst nicht abschneiden. Dies sind alles Ma\u00dfnahmen, die die Gartenarbeit reduzieren und von denen die Natur, also auch die V\u00f6gel profitieren.<\/p>\n\n\n\n<p>Mit der richtigen Herangehensweise lassen sich gute Vors\u00e4tze nachhaltig im Garten umsetzen. Am besten gleich mit Stift und Zettel Ziele definieren und die Durchf\u00fchrung in den kalten Monaten planen.<\/p>\n\n\n\n<p><em>Mehr zum Thema \u201eNaturnaher Garten<\/em><em>\u201c<\/em><em> finden Sie hier \u2013 <\/em><a href=\"https:\/\/www.wuennenberg-bueren.de\/zweckverband\/category\/aktuelles\/\" target=\"_blank\" rel=\"noreferrer noopener\"><em>Aktuelles<\/em><\/a><\/p>\n\n\n\n<p><em>Sie haben eine andere Frage? Schicken Sie sie&nbsp;einfach an <\/em><a href=\"mailto:erholungsgebiet@wuennenberg-bueren.de\"><em>erholungsgebiet@wuennenberg-bueren.de<\/em><\/a><em>.<\/em><\/p>\n\n\n\n<figure class=\"wp-block-image size-large\"><img loading=\"lazy\" decoding=\"async\" width=\"1024\" height=\"679\" src=\"https:\/\/www.wuennenberg-bueren.de\/zweckverband\/wp-content\/uploads\/2022\/12\/2023-01-Gute_Vorsaetze-1024x679.jpg\" alt=\"\" class=\"wp-image-1367\" srcset=\"https:\/\/www.wuennenberg-bueren.de\/zweckverband\/wp-content\/uploads\/2022\/12\/2023-01-Gute_Vorsaetze-1024x679.jpg 1024w, https:\/\/www.wuennenberg-bueren.de\/zweckverband\/wp-content\/uploads\/2022\/12\/2023-01-Gute_Vorsaetze-300x199.jpg 300w, https:\/\/www.wuennenberg-bueren.de\/zweckverband\/wp-content\/uploads\/2022\/12\/2023-01-Gute_Vorsaetze-768x509.jpg 768w, https:\/\/www.wuennenberg-bueren.de\/zweckverband\/wp-content\/uploads\/2022\/12\/2023-01-Gute_Vorsaetze-360x240.jpg 360w, https:\/\/www.wuennenberg-bueren.de\/zweckverband\/wp-content\/uploads\/2022\/12\/2023-01-Gute_Vorsaetze.jpg 1280w\" sizes=\"auto, (max-width: 1024px) 100vw, 1024px\" \/><figcaption class=\"wp-element-caption\">Gute Vors\u00e4tze sollten so gesteckt werden, dass man sie auch erreichen kann. Manchmal reicht hierf\u00fcr bereits eine Pflanze. Foto: congerdesign, Pixabay.<\/figcaption><\/figure>\n","protected":false},"excerpt":{"rendered":"<p>Kolumne \u2013 Januar 2023 Sie fragen, der Zweckverband antwortet. Das neue Jahr ist angebrochen und mit dem Jahreswechsel kommen gute Vors\u00e4tze einher. Besonders im eigenen Garten haben gute Vors\u00e4tze eine gro\u00dfe Wirkung. Denn hier profitiert nicht nur der Mensch, sondern im besten Fall auch die Natur. Alles h\u00e4ngt im Garten [&hellip;]<\/p>\n","protected":false},"author":2,"featured_media":1367,"comment_status":"closed","ping_status":"closed","sticky":false,"template":"","format":"standard","meta":{"footnotes":""},"categories":[7,21],"tags":[],"class_list":["post-1366","post","type-post","status-publish","format-standard","has-post-thumbnail","hentry","category-aktuelles","category-naturnahe-gartengestaltung"],"_links":{"self":[{"href":"https:\/\/www.wuennenberg-bueren.de\/zweckverband\/wp-json\/wp\/v2\/posts\/1366","targetHints":{"allow":["GET"]}}],"collection":[{"href":"https:\/\/www.wuennenberg-bueren.de\/zweckverband\/wp-json\/wp\/v2\/posts"}],"about":[{"href":"https:\/\/www.wuennenberg-bueren.de\/zweckverband\/wp-json\/wp\/v2\/types\/post"}],"author":[{"embeddable":true,"href":"https:\/\/www.wuennenberg-bueren.de\/zweckverband\/wp-json\/wp\/v2\/users\/2"}],"replies":[{"embeddable":true,"href":"https:\/\/www.wuennenberg-bueren.de\/zweckverband\/wp-json\/wp\/v2\/comments?post=1366"}],"version-history":[{"count":2,"href":"https:\/\/www.wuennenberg-bueren.de\/zweckverband\/wp-json\/wp\/v2\/posts\/1366\/revisions"}],"predecessor-version":[{"id":1374,"href":"https:\/\/www.wuennenberg-bueren.de\/zweckverband\/wp-json\/wp\/v2\/posts\/1366\/revisions\/1374"}],"wp:featuredmedia":[{"embeddable":true,"href":"https:\/\/www.wuennenberg-bueren.de\/zweckverband\/wp-json\/wp\/v2\/media\/1367"}],"wp:attachment":[{"href":"https:\/\/www.wuennenberg-bueren.de\/zweckverband\/wp-json\/wp\/v2\/media?parent=1366"}],"wp:term":[{"taxonomy":"category","embeddable":true,"href":"https:\/\/www.wuennenberg-bueren.de\/zweckverband\/wp-json\/wp\/v2\/categories?post=1366"},{"taxonomy":"post_tag","embeddable":true,"href":"https:\/\/www.wuennenberg-bueren.de\/zweckverband\/wp-json\/wp\/v2\/tags?post=1366"}],"curies":[{"name":"wp","href":"https:\/\/api.w.org\/{rel}","templated":true}]}}