{"id":1287,"date":"2022-12-01T07:00:00","date_gmt":"2022-12-01T06:00:00","guid":{"rendered":"https:\/\/www.wuennenberg-bueren.de\/zweckverband\/?p=1287"},"modified":"2022-11-24T13:38:50","modified_gmt":"2022-11-24T12:38:50","slug":"wer-ueberwintert-in-meinem-garten","status":"publish","type":"post","link":"https:\/\/www.wuennenberg-bueren.de\/zweckverband\/2022\/12\/01\/wer-ueberwintert-in-meinem-garten\/","title":{"rendered":"Wer \u00fcberwintert in meinem Garten?"},"content":{"rendered":"\n<p><strong>Kolumne \u2013 Dezember 2022<\/strong><\/p>\n\n\n\n<p><em>Sie fragen, der Zweckverband antwortet.<\/em><\/p>\n\n\n\n<p>Die Tage werden dunkler und k\u00fcrzer, die Temperaturen sinken und Weihnachten steht vor der T\u00fcr. Auch im Garten wird es ruhiger. Und trotzdem ist der Garten mit mehr Leben gef\u00fcllt, als es auf den ersten Blick scheint. Denn nicht alle Tiere k\u00f6nnen oder wollen eine lange Reise in w\u00e4rmere L\u00e4nder auf sich nehmen.<\/p>\n\n\n\n<p>Hierzu geh\u00f6ren beispielsweise Meise, Spatz und Rotkelchen. Bei allzu schlechtem Wetter verstecken sie sich gerne in dichten Hecken und Str\u00e4uchern. Aber um das Futterh\u00e4uschen ist besonders im Winter reges Treiben.<\/p>\n\n\n\n<p>Was dort hinunter f\u00e4llt, kommt wieder anderen Gartenbewohnern zu Gute. Denn auch Igel und Eichh\u00f6rnchen \u00fcberwintern in unseren G\u00e4rten. Deshalb hei\u00dft es im Herbst \u201eEnergiereserven anfuttern\u201c und Vorr\u00e4te anh\u00e4ufen. Die milden Herbsttemperaturen in diesem Jahr und die reichliche Ernte von Eichen, Kastanien und Buchen werden vielen Tieren helfen, die ben\u00f6tigten Reserven anzusammeln.<\/p>\n\n\n\n<p>Auch der Siebenschl\u00e4fer, der ebenfalls einen sch\u00f6nen buschigen Schwanz wie das Eichh\u00f6rnchen hat, \u00fcberwintert in unseren G\u00e4rten. Wie auch die anderen Bilcharten Haselmaus und Baumschl\u00e4fer, \u00fcberwintern die Tiere eingeksuchelt in Vogelh\u00e4uschen oder Gartenh\u00fctten. Wer also zuf\u00e4llig einen schlafenden Bilch entdeckt, sollte diesen doch bitte auch schlafen lassen. Und nicht wundern, Bilche k\u00f6nnen sehr lange schlafen, wie der Siebenschl\u00e4fer. Dieser verschl\u00e4ft \u00fcber die H\u00e4lfte eines Jahres.<\/p>\n\n\n\n<p>Aber auch Fr\u00f6sche, Kr\u00f6ten, Molche und Eidechsen haben nicht die M\u00f6glichkeit, in w\u00e4rmeren Regionen zu \u00fcberwintern. Deshalb verstecken sie sich meist unter Steinen oder in Erdl\u00f6chern.<\/p>\n\n\n\n<p>Noch versteckter wird es bei den Insekten. Denn auch hier gibt es viele Arten, die den Winter in unseren G\u00e4rten verbringen. Diese nutzen quasi jede Ecke, in der es gesch\u00fctzt und ein wenig wilder ist. Deshalb ist es auch so wichtig, dass man im Herbst auf eine gro\u00dfe \u201eAufr\u00e4umaktion\u201c verzichtet, sondern lieber alle Pflanzen \u00fcber die kalte Jahreszeit stehen l\u00e4sst und erst im Fr\u00fchjahr schneidet. Zitronenfalter h\u00e4ngen beispielsweise an Efeubl\u00e4ttern, Brombeere und Stechpalme. Wildbienen verstecken sich daf\u00fcr gerne in hohlen St\u00e4ngeln und Halme. Und Marienk\u00e4fer verkriechen sich in Ritzen und Spalten.<\/p>\n\n\n\n<p>Selten \u00fcberwintern daf\u00fcr Flederm\u00e4use im Garten. Denn Flederm\u00e4use m\u00f6gen es kalt und feucht im Winter, jedoch frostfrei. Solche Klimabedingungen findet man gew\u00f6hnlich in H\u00f6hlen, unbenutzten Eiskellern oder Wasserbeh\u00e4ltern.<\/p>\n\n\n\n<p>Fazit: je naturnaher der Garten, desto mehr Tiere finden Schutz vor der kalten Jahreszeit. Neben einem geeigneten Winterplatz brauchen einige Wildtiere aber auch Futter \u2013 am besten in Form von Pflanzen, die Fr\u00fcchte, Samen oder N\u00fcsse produzieren. Aber auch Wasser ist ganz wichtig, daher sollte auch im Winter Wasser bodennah angeboten werden.<\/p>\n\n\n\n<p>Der Zweckverband \u201eBevorzugtes Erholungsgebiet Bad W\u00fcnnenberg\/B\u00fcren\u201c w\u00fcnscht allen eine besinnliche Weihnachtszeit, einen sicheren Unterschlupf und einen naturnahen Garten f\u00fcr das kommende Jahr.<\/p>\n\n\n\n<p><em>Mehr zum Thema \u201eNaturnahe Gartengestaltung\u201c finden Sie hier:  <a href=\"https:\/\/www.wuennenberg-bueren.de\/zweckverband\/category\/naturnahe-gartengestaltung\/\">Naturnahe Gartengestaltung<\/a>.<\/em><\/p>\n\n\n\n<p><em>Sie haben eine andere Frage? Schicken Sie sie&nbsp;einfach an <\/em><a href=\"mailto:erholungsgebiet@wuennenberg-bueren.de\"><em>erholungsgebiet@wuennenberg-bueren.de<\/em><\/a><em>.<\/em><\/p>\n\n\n\n<figure class=\"wp-block-image size-large\"><img loading=\"lazy\" decoding=\"async\" width=\"1024\" height=\"768\" src=\"https:\/\/www.wuennenberg-bueren.de\/zweckverband\/wp-content\/uploads\/2022\/11\/2022-12-Wintergarten-1024x768.jpg\" alt=\"\" class=\"wp-image-1288\" srcset=\"https:\/\/www.wuennenberg-bueren.de\/zweckverband\/wp-content\/uploads\/2022\/11\/2022-12-Wintergarten-1024x768.jpg 1024w, https:\/\/www.wuennenberg-bueren.de\/zweckverband\/wp-content\/uploads\/2022\/11\/2022-12-Wintergarten-300x225.jpg 300w, https:\/\/www.wuennenberg-bueren.de\/zweckverband\/wp-content\/uploads\/2022\/11\/2022-12-Wintergarten-768x576.jpg 768w, https:\/\/www.wuennenberg-bueren.de\/zweckverband\/wp-content\/uploads\/2022\/11\/2022-12-Wintergarten-1536x1152.jpg 1536w, https:\/\/www.wuennenberg-bueren.de\/zweckverband\/wp-content\/uploads\/2022\/11\/2022-12-Wintergarten.jpg 1920w\" sizes=\"auto, (max-width: 1024px) 100vw, 1024px\" \/><figcaption>Auch im Winter muss es f\u00fcr alle Tiere Versteckm\u00f6glichkeiten geben. Je vielf\u00e4ltiger diese sind, desto mehr Tiere finden auch einen Winterplatz. Daher darf es auch ruhig ein wenig unordentlicher sein.  Foto: Paul Sloane, Pixabay. <\/figcaption><\/figure>\n","protected":false},"excerpt":{"rendered":"<p>Kolumne \u2013 Dezember 2022 Sie fragen, der Zweckverband antwortet. Die Tage werden dunkler und k\u00fcrzer, die Temperaturen sinken und Weihnachten steht vor der T\u00fcr. Auch im Garten wird es ruhiger. Und trotzdem ist der Garten mit mehr Leben gef\u00fcllt, als es auf den ersten Blick scheint. Denn nicht alle Tiere [&hellip;]<\/p>\n","protected":false},"author":2,"featured_media":1288,"comment_status":"closed","ping_status":"closed","sticky":false,"template":"","format":"standard","meta":{"footnotes":""},"categories":[7,21],"tags":[],"class_list":["post-1287","post","type-post","status-publish","format-standard","has-post-thumbnail","hentry","category-aktuelles","category-naturnahe-gartengestaltung"],"_links":{"self":[{"href":"https:\/\/www.wuennenberg-bueren.de\/zweckverband\/wp-json\/wp\/v2\/posts\/1287","targetHints":{"allow":["GET"]}}],"collection":[{"href":"https:\/\/www.wuennenberg-bueren.de\/zweckverband\/wp-json\/wp\/v2\/posts"}],"about":[{"href":"https:\/\/www.wuennenberg-bueren.de\/zweckverband\/wp-json\/wp\/v2\/types\/post"}],"author":[{"embeddable":true,"href":"https:\/\/www.wuennenberg-bueren.de\/zweckverband\/wp-json\/wp\/v2\/users\/2"}],"replies":[{"embeddable":true,"href":"https:\/\/www.wuennenberg-bueren.de\/zweckverband\/wp-json\/wp\/v2\/comments?post=1287"}],"version-history":[{"count":2,"href":"https:\/\/www.wuennenberg-bueren.de\/zweckverband\/wp-json\/wp\/v2\/posts\/1287\/revisions"}],"predecessor-version":[{"id":1315,"href":"https:\/\/www.wuennenberg-bueren.de\/zweckverband\/wp-json\/wp\/v2\/posts\/1287\/revisions\/1315"}],"wp:featuredmedia":[{"embeddable":true,"href":"https:\/\/www.wuennenberg-bueren.de\/zweckverband\/wp-json\/wp\/v2\/media\/1288"}],"wp:attachment":[{"href":"https:\/\/www.wuennenberg-bueren.de\/zweckverband\/wp-json\/wp\/v2\/media?parent=1287"}],"wp:term":[{"taxonomy":"category","embeddable":true,"href":"https:\/\/www.wuennenberg-bueren.de\/zweckverband\/wp-json\/wp\/v2\/categories?post=1287"},{"taxonomy":"post_tag","embeddable":true,"href":"https:\/\/www.wuennenberg-bueren.de\/zweckverband\/wp-json\/wp\/v2\/tags?post=1287"}],"curies":[{"name":"wp","href":"https:\/\/api.w.org\/{rel}","templated":true}]}}