{"id":1228,"date":"2022-11-01T07:00:00","date_gmt":"2022-11-01T06:00:00","guid":{"rendered":"https:\/\/www.wuennenberg-bueren.de\/zweckverband\/?p=1228"},"modified":"2022-11-24T13:37:31","modified_gmt":"2022-11-24T12:37:31","slug":"wie-habe-ich-im-herbst-weniger-arbeit-im-garten","status":"publish","type":"post","link":"https:\/\/www.wuennenberg-bueren.de\/zweckverband\/2022\/11\/01\/wie-habe-ich-im-herbst-weniger-arbeit-im-garten\/","title":{"rendered":"Wie habe ich\u00a0 im Herbst weniger Arbeit im Garten?"},"content":{"rendered":"\n<p><strong>Kolumne \u2013 November 2022<\/strong><\/p>\n\n\n\n<p><em>Sie fragen, der Zweckverband antwortet.<\/em><\/p>\n\n\n\n<p>Endlich haben wir ihn, den lang ersehnten Regen. Es regnet und regnet, dabei ist besonders im Herbst die Liste der Gartenarbeiten lang. Laub zusammen harken und in die Biotonne verfrachten, B\u00e4ume und Str\u00e4ucher schneiden und anschlie\u00dfend das Schnittgut kleingeschnitten in die Biotonne verfrachten und dann auch noch die verbl\u00fchten Stauden zur\u00fcckschneiden. Die Arbeit ist viel und die Biotonne voll, daher werden auch noch Fahrten zum \u00f6rtlichen Recyclingcenter n\u00f6tig.<\/p>\n\n\n\n<p>Eigentlich fehlt am Ende des Sommers die Puste f\u00fcr derartig zeitaufwendige Gartenarbeiten. Und wenn es dann noch dazu regnet, dann ist die Stimmung meist im Keller. Dabei sollte Gartenarbeit Spa\u00df machen und zwar immer \u2013 auch im Herbst.<\/p>\n\n\n\n<p>Statt die Schuld bei der Natur zu suchen, sollten wir lieber von ihr lernen. Denn von Natur aus f\u00e4llt im Herbst nicht viel Arbeit an.<\/p>\n\n\n\n<p>Unvermeidbare Arbeiten im eigenen Garten sind meist das Stutzen von Hecken, Str\u00e4uchern und B\u00e4umen. Denn nicht jeder Garten bietet so viel Platz, dass sich die Pflanzen in ihrer nat\u00fcrlichen Gr\u00f6\u00dfe entfalten k\u00f6nnen. Aber nicht alles Schnittgut muss kleingeschnitten in die Biotonne oder zum Recyclingcenter wandern. Lange, gerade \u00c4ste k\u00f6nnen als Pflanzstab f\u00fcr das kommende Gartenjahr getrocknet werden. Auch krumme \u00c4ste k\u00f6nnen beispielsweise als Benjeshecke oder Totholzhaufen recycelt werden. Der Rest, also d\u00fcnne \u00c4ste und Bl\u00e4tter, k\u00f6nnen auf dem eigenen Komposthaufen kompostiert werden.<\/p>\n\n\n\n<p>Auch Laubbl\u00e4tter k\u00f6nnen eine sinnvolle Verwendung im Garten finden, anstatt die Biotonne voll zu machen. Beispielsweise kann das Laub luftig und&nbsp; locker unter Hecken, Str\u00e4ucher und B\u00e4ume geharkt werden. Dies gef\u00e4llt besonders gut dem Igel, der in den kalten Wintermonaten durch die Bl\u00e4tter vor Frost gesch\u00fctzt wird. Ebenfalls k\u00f6nnen die Laubbl\u00e4tter in einer ruhigen und trockenen Ecke auf einen Haufen gefegt werden und auch hier Tiere vor den kalten Temperaturen sch\u00fctzen.<\/p>\n\n\n\n<p>Das gleiche gilt \u00fcbrigens auch f\u00fcr Pflanzen. Eine lockere Blattauflage sch\u00fctzt das Wurzelwerk vor Frost. Damit dennoch genug Luft an die Pflanzen kommt, l\u00e4sst man am besten den verbl\u00fchten und vertrockneten Teil der Pflanze stehen. Durch ein nat\u00fcrliches Geflecht von St\u00e4ngeln und Stielen kommt Luft bis an das Wurzelwerk. Im besten Fall w\u00e4hlt man f\u00fcr die lockere Blattauflage Laub von Obstb\u00e4umen, Eschen, Ahorn, Buche, Birke und Haselnuss. Diese Bl\u00e4tter verrotten relativ schnell und verwandeln sich \u00fcber die Wintermonate von einer Frostschutzauflage zu einer D\u00fcngerauflage.<\/p>\n\n\n\n<p>Kompostieren kann man Bl\u00e4tter nat\u00fcrlich auch auf dem eigenen Komposthaufen. Bl\u00e4tter die sich schnell zersetzen, wie Obstb\u00e4ume, Birke und Buche, k\u00f6nnen einfach so auf den Komposthaufen. Bei Eichen-, Pappeln- oder Walnussbl\u00e4ttern sollte man den Zersetzungsprozess beschleunigen, indem man die Bl\u00e4tter vorab h\u00e4ckselt. Zus\u00e4tzlich kann man das geh\u00e4ckselte Laub auch noch mit Rasenschnitt mischen, um den Stickstoffanteil zu erh\u00f6hen. Dies f\u00f6rdert zus\u00e4tzlich die Zersetzung der Bl\u00e4tter.<\/p>\n\n\n\n<p>So bildet der Herbst nicht das Ende eines Gartenjahres, sondern dient schon als Vorbereitung f\u00fcr das n\u00e4chste Jahr. Die Natur sagt es uns eigentlich ganz deutlich, in dem der Garten noch einmal in den sch\u00f6nsten Farben aufleuchtet.<\/p>\n\n\n\n<p>Und wer wei\u00df, welche wilden Gartenbewohner man mit ein wenig Laub in den eigenen Garten locken kann\u2026<\/p>\n\n\n\n<p><em>Mehr zum Thema \u201eNaturnahe Gartengestaltung<\/em><em>\u201c finden Sie auf der Internetseite des Zweckverbandes: <\/em><a href=\"http:\/\/www.wuennenberg-bueren.de\"><em>www.wuennenberg-bueren.de<\/em><\/a><em>. <\/em><em><\/em><\/p>\n\n\n\n<p><em>Sie haben eine andere Frage? Schicken Sie sie&nbsp;einfach an <\/em><a href=\"mailto:erholungsgebiet@wuennenberg-bueren.de\"><em>erholungsgebiet@wuennenberg-bueren.de<\/em><\/a><em>.<\/em><\/p>\n\n\n\n<figure class=\"wp-block-image size-large\"><img loading=\"lazy\" decoding=\"async\" width=\"1024\" height=\"682\" src=\"https:\/\/www.wuennenberg-bueren.de\/zweckverband\/wp-content\/uploads\/2022\/10\/2022-11-Herbstgartenarbeit-1024x682.jpg\" alt=\"\" class=\"wp-image-1229\" srcset=\"https:\/\/www.wuennenberg-bueren.de\/zweckverband\/wp-content\/uploads\/2022\/10\/2022-11-Herbstgartenarbeit-1024x682.jpg 1024w, https:\/\/www.wuennenberg-bueren.de\/zweckverband\/wp-content\/uploads\/2022\/10\/2022-11-Herbstgartenarbeit-300x200.jpg 300w, https:\/\/www.wuennenberg-bueren.de\/zweckverband\/wp-content\/uploads\/2022\/10\/2022-11-Herbstgartenarbeit-768x512.jpg 768w, https:\/\/www.wuennenberg-bueren.de\/zweckverband\/wp-content\/uploads\/2022\/10\/2022-11-Herbstgartenarbeit-360x240.jpg 360w, https:\/\/www.wuennenberg-bueren.de\/zweckverband\/wp-content\/uploads\/2022\/10\/2022-11-Herbstgartenarbeit.jpg 1280w\" sizes=\"auto, (max-width: 1024px) 100vw, 1024px\" \/><figcaption>Bl\u00e4tter geh\u00f6ren nicht in die Biotonne, sondern k\u00f6nnen vielseitig recycelt werden \u2013 zum einen als Frostschutz f\u00fcr Pflanzen und Tiere und zum anderen als Kompostd\u00fcnger f\u00fcr das kommende Gartenjahr.  Foto: manfredrichter, Pixabay. <\/figcaption><\/figure>\n","protected":false},"excerpt":{"rendered":"<p>Kolumne \u2013 November 2022 Sie fragen, der Zweckverband antwortet. Endlich haben wir ihn, den lang ersehnten Regen. Es regnet und regnet, dabei ist besonders im Herbst die Liste der Gartenarbeiten lang. Laub zusammen harken und in die Biotonne verfrachten, B\u00e4ume und Str\u00e4ucher schneiden und anschlie\u00dfend das Schnittgut kleingeschnitten in die [&hellip;]<\/p>\n","protected":false},"author":2,"featured_media":1229,"comment_status":"closed","ping_status":"closed","sticky":false,"template":"","format":"standard","meta":{"footnotes":""},"categories":[7,21],"tags":[],"class_list":["post-1228","post","type-post","status-publish","format-standard","has-post-thumbnail","hentry","category-aktuelles","category-naturnahe-gartengestaltung"],"_links":{"self":[{"href":"https:\/\/www.wuennenberg-bueren.de\/zweckverband\/wp-json\/wp\/v2\/posts\/1228","targetHints":{"allow":["GET"]}}],"collection":[{"href":"https:\/\/www.wuennenberg-bueren.de\/zweckverband\/wp-json\/wp\/v2\/posts"}],"about":[{"href":"https:\/\/www.wuennenberg-bueren.de\/zweckverband\/wp-json\/wp\/v2\/types\/post"}],"author":[{"embeddable":true,"href":"https:\/\/www.wuennenberg-bueren.de\/zweckverband\/wp-json\/wp\/v2\/users\/2"}],"replies":[{"embeddable":true,"href":"https:\/\/www.wuennenberg-bueren.de\/zweckverband\/wp-json\/wp\/v2\/comments?post=1228"}],"version-history":[{"count":1,"href":"https:\/\/www.wuennenberg-bueren.de\/zweckverband\/wp-json\/wp\/v2\/posts\/1228\/revisions"}],"predecessor-version":[{"id":1230,"href":"https:\/\/www.wuennenberg-bueren.de\/zweckverband\/wp-json\/wp\/v2\/posts\/1228\/revisions\/1230"}],"wp:featuredmedia":[{"embeddable":true,"href":"https:\/\/www.wuennenberg-bueren.de\/zweckverband\/wp-json\/wp\/v2\/media\/1229"}],"wp:attachment":[{"href":"https:\/\/www.wuennenberg-bueren.de\/zweckverband\/wp-json\/wp\/v2\/media?parent=1228"}],"wp:term":[{"taxonomy":"category","embeddable":true,"href":"https:\/\/www.wuennenberg-bueren.de\/zweckverband\/wp-json\/wp\/v2\/categories?post=1228"},{"taxonomy":"post_tag","embeddable":true,"href":"https:\/\/www.wuennenberg-bueren.de\/zweckverband\/wp-json\/wp\/v2\/tags?post=1228"}],"curies":[{"name":"wp","href":"https:\/\/api.w.org\/{rel}","templated":true}]}}