{"id":1224,"date":"2022-10-01T07:00:00","date_gmt":"2022-10-01T05:00:00","guid":{"rendered":"https:\/\/www.wuennenberg-bueren.de\/zweckverband\/?p=1224"},"modified":"2022-11-24T13:37:17","modified_gmt":"2022-11-24T12:37:17","slug":"wie-gaertnere-ich-klimafreundlich-teil-2","status":"publish","type":"post","link":"https:\/\/www.wuennenberg-bueren.de\/zweckverband\/2022\/10\/01\/wie-gaertnere-ich-klimafreundlich-teil-2\/","title":{"rendered":"Wie g\u00e4rtnere ich klimafreundlich? Teil 2"},"content":{"rendered":"\n<h2 class=\"wp-block-heading\"><strong>Teil 2 &#8211; Schatten und K\u00fchlung<\/strong><\/h2>\n\n\n\n<p><strong>Kolumne \u2013 Oktober 2022<\/strong><\/p>\n\n\n\n<p><em>Sie fragen, der Zweckverband antwortet.<\/em><\/p>\n\n\n\n<p>Langsam h\u00e4lt der Herbst Einzug, die Bl\u00e4tter verf\u00e4rben sich und fallen wie bunte Regentropfen von den B\u00e4umen. Auch riecht es bereits nach Herbst und eine heimelige Stimmung zieht ein. Die Tage im Garten werden weniger.<\/p>\n\n\n\n<p>Dennoch ist f\u00fcr viele Gartenarbeiten genau jetzt der richtige Zeitpunkt. Beispielsweise kann man sich meist mit Pflanzungen im Herbst zeitaufwendiges Angie\u00dfen sparen. Dies schont gleichzeitig auch die Wasserressourcen.<\/p>\n\n\n\n<p>Besonders Str\u00e4ucher und B\u00e4ume profitieren von einer Herbstpflanzung. Wenn man sich noch einmal an den hei\u00dfen, trockenen Sommer zur\u00fcck erinnert, dann wird einem wieder bewusst, wie wichtig Schatten ist. Neben der Beschattung leisten B\u00e4ume und Str\u00e4ucher noch viele weitere Funktionen. Beispielsweise wird die Verdunstungsk\u00fchlung oft schlichtweg vergessen. B\u00e4ume ziehen n\u00e4mlich mit ihren Wurzeln Wasser aus tieferen Bodenschichten nach oben. Dieses Wasser wird wiederum \u00fcber die Spalt\u00f6ffnungen der Bl\u00e4tter verdunstet. Die Luft k\u00fchlt sich hierdurch ab. Neben dem Schatten und der Verdunstungsk\u00fchlung sind B\u00e4ume und Str\u00e4ucher wichtige Lebensr\u00e4ume und Nahrungsquellen f\u00fcr viele Tierarten. Beispielsweise nutzen viele Vogelarten und Eichh\u00f6rnchen B\u00e4ume doppelt, einmal als Zuhause und als Nahrungsquelle. Aber auch Igel profitieren von Laubbl\u00e4ttern, Fallobst und N\u00fcssen. Von einem Baum oder einem gro\u00dfen Strauch profitieren also der Mensch, das Klima und die wilden Gartenbewohner.<\/p>\n\n\n\n<p>Neben Pflanzungen kann man im Herbst auch gut reduzieren, beispielsweise gepflasterte Terrassen oder Wege. Mit k\u00fchler herbstlicher Luft lassen sich Pflastersteine leichter aufnehmen, als in br\u00fctender Hitze. Deshalb sollte man im Herbst Bilanz ziehen: wann wurde auf welcher Terrasse wie lange Zeit verbracht? Wie oft wurden die Wege genutzt? Und ganz wichtig: wo kann man versiegelte Fl\u00e4chen reduzieren? Denn versiegelte Fl\u00e4chen heizen sich im Sommer wesentlich st\u00e4rker auf als gr\u00fcne Fl\u00e4chen.<\/p>\n\n\n\n<p>Nutzt mal beispielsweise den Rasen als Terrasse, ergeben sich ganz neue M\u00f6glichkeiten. Tisch und St\u00fchle k\u00f6nnen bequem in den Mittagsschatten oder in die Abendsonne ger\u00fcckt werden. Auch l\u00e4dt Rasen zum Barfu\u00df laufen ein. Einfach einmal den Morgenkaffee mit Tau auf den Zehenspitzen trinken und den Garten genie\u00dfen. Sch\u00f6ner kann ein Tag kaum beginnen.<\/p>\n\n\n\n<p>Und durch den R\u00fcckbau von Terrassen und Wegen ergeben sich neue M\u00f6glichkeiten. Nicht nur Platz, sondern auch Material. Denn die aufgenommenen Steine und Platten k\u00f6nnen als Hochbeet oder Trockensteinmauer recycelt werden. Hierdurch spart man nicht nur Zeit und Geld, sondern kann noch einzigartige Blickf\u00e4nge im Garten etablieren.&nbsp;<\/p>\n\n\n\n<p>Letzter Tipp: Auch durch einen naturnahen Gartenteich entsteht Verdunstungsk\u00fchlung. Zus\u00e4tzlich entsteht ein neuer Lebensraum f\u00fcr die wilden Gartenbewohner, sowie eine reichhalte Nahrungs- und Wasserquelle. Wichtig bei einem naturnahen Gartenteich ist, dass auf Fische verzichtet wird. Denn diese verursachen Dreck, der meist nur mit viel Arbeit oder Ger\u00e4ten beseitigt werden kann. Der Nachwuchs von Libelle und Frosch freuen sich ebenfalls, wenn sie nicht von Fischen gefressen werden.<\/p>\n\n\n\n<p><em>Mehr zum Thema \u201eNaturnahe Gartengestaltung<\/em><em>\u201c finden Sie auf der Internetseite des Zweckverbandes: <\/em><a href=\"http:\/\/www.wuennenberg-bueren.de\"><em>www.wuennenberg-bueren.de<\/em><\/a><em>. <\/em><em><\/em><\/p>\n\n\n\n<p><em>Sie haben eine andere Frage? Schicken Sie sie&nbsp;einfach an <\/em><a href=\"mailto:erholungsgebiet@wuennenberg-bueren.de\"><em>erholungsgebiet@wuennenberg-bueren.de<\/em><\/a><em>.<\/em><\/p>\n\n\n\n<figure class=\"wp-block-image size-large\"><img loading=\"lazy\" decoding=\"async\" width=\"1024\" height=\"682\" src=\"https:\/\/www.wuennenberg-bueren.de\/zweckverband\/wp-content\/uploads\/2022\/09\/2022-10-Klimafreunldiche_Gaerten_2-1024x682.jpg\" alt=\"\" class=\"wp-image-1225\" srcset=\"https:\/\/www.wuennenberg-bueren.de\/zweckverband\/wp-content\/uploads\/2022\/09\/2022-10-Klimafreunldiche_Gaerten_2-1024x682.jpg 1024w, https:\/\/www.wuennenberg-bueren.de\/zweckverband\/wp-content\/uploads\/2022\/09\/2022-10-Klimafreunldiche_Gaerten_2-300x200.jpg 300w, https:\/\/www.wuennenberg-bueren.de\/zweckverband\/wp-content\/uploads\/2022\/09\/2022-10-Klimafreunldiche_Gaerten_2-768x512.jpg 768w, https:\/\/www.wuennenberg-bueren.de\/zweckverband\/wp-content\/uploads\/2022\/09\/2022-10-Klimafreunldiche_Gaerten_2-360x240.jpg 360w, https:\/\/www.wuennenberg-bueren.de\/zweckverband\/wp-content\/uploads\/2022\/09\/2022-10-Klimafreunldiche_Gaerten_2.jpg 1280w\" sizes=\"auto, (max-width: 1024px) 100vw, 1024px\" \/><figcaption>Unbefestigte Terrassen im Gr\u00fcnen sind flexibel und heizen sich im Sommer nicht auf.  Foto: Tho-Ge, Pixabay. <\/figcaption><\/figure>\n","protected":false},"excerpt":{"rendered":"<p>Teil 2 &#8211; Schatten und K\u00fchlung Kolumne \u2013 Oktober 2022 Sie fragen, der Zweckverband antwortet. Langsam h\u00e4lt der Herbst Einzug, die Bl\u00e4tter verf\u00e4rben sich und fallen wie bunte Regentropfen von den B\u00e4umen. Auch riecht es bereits nach Herbst und eine heimelige Stimmung zieht ein. Die Tage im Garten werden weniger. [&hellip;]<\/p>\n","protected":false},"author":2,"featured_media":1225,"comment_status":"closed","ping_status":"closed","sticky":false,"template":"","format":"standard","meta":{"footnotes":""},"categories":[7,21],"tags":[],"class_list":["post-1224","post","type-post","status-publish","format-standard","has-post-thumbnail","hentry","category-aktuelles","category-naturnahe-gartengestaltung"],"_links":{"self":[{"href":"https:\/\/www.wuennenberg-bueren.de\/zweckverband\/wp-json\/wp\/v2\/posts\/1224","targetHints":{"allow":["GET"]}}],"collection":[{"href":"https:\/\/www.wuennenberg-bueren.de\/zweckverband\/wp-json\/wp\/v2\/posts"}],"about":[{"href":"https:\/\/www.wuennenberg-bueren.de\/zweckverband\/wp-json\/wp\/v2\/types\/post"}],"author":[{"embeddable":true,"href":"https:\/\/www.wuennenberg-bueren.de\/zweckverband\/wp-json\/wp\/v2\/users\/2"}],"replies":[{"embeddable":true,"href":"https:\/\/www.wuennenberg-bueren.de\/zweckverband\/wp-json\/wp\/v2\/comments?post=1224"}],"version-history":[{"count":1,"href":"https:\/\/www.wuennenberg-bueren.de\/zweckverband\/wp-json\/wp\/v2\/posts\/1224\/revisions"}],"predecessor-version":[{"id":1226,"href":"https:\/\/www.wuennenberg-bueren.de\/zweckverband\/wp-json\/wp\/v2\/posts\/1224\/revisions\/1226"}],"wp:featuredmedia":[{"embeddable":true,"href":"https:\/\/www.wuennenberg-bueren.de\/zweckverband\/wp-json\/wp\/v2\/media\/1225"}],"wp:attachment":[{"href":"https:\/\/www.wuennenberg-bueren.de\/zweckverband\/wp-json\/wp\/v2\/media?parent=1224"}],"wp:term":[{"taxonomy":"category","embeddable":true,"href":"https:\/\/www.wuennenberg-bueren.de\/zweckverband\/wp-json\/wp\/v2\/categories?post=1224"},{"taxonomy":"post_tag","embeddable":true,"href":"https:\/\/www.wuennenberg-bueren.de\/zweckverband\/wp-json\/wp\/v2\/tags?post=1224"}],"curies":[{"name":"wp","href":"https:\/\/api.w.org\/{rel}","templated":true}]}}