{"id":1219,"date":"2022-09-01T15:48:00","date_gmt":"2022-09-01T13:48:00","guid":{"rendered":"https:\/\/www.wuennenberg-bueren.de\/zweckverband\/?p=1219"},"modified":"2022-11-24T13:37:03","modified_gmt":"2022-11-24T12:37:03","slug":"wie-kann-ich-klimafreundlich-gaertnern","status":"publish","type":"post","link":"https:\/\/www.wuennenberg-bueren.de\/zweckverband\/2022\/09\/01\/wie-kann-ich-klimafreundlich-gaertnern\/","title":{"rendered":"Wie g\u00e4rtnere ich klimafreundlich? Teil 1"},"content":{"rendered":"\n<h2 class=\"wp-block-heading\"><strong>Teil 1 &#8211; Wasser und Kompost<\/strong><\/h2>\n\n\n\n<p><strong>Kolumne \u2013 September 2022<\/strong><\/p>\n\n\n\n<p><em>Sie fragen, der Zweckverband antwortet.<\/em><\/p>\n\n\n\n<p>Die Natur ist in einem st\u00e4ndigen Umbruch. Die Temperaturen f\u00fchlen sich noch wie Sommer an, aber die Tage werden schon merklich k\u00fcrzer. Sonnenblumen und Astern erleuchten den Garten, aber alle anderen Pflanzen sind langsam ersch\u00f6pft.<\/p>\n\n\n\n<p>Jetzt ist genau der richtige Zeitpunkt, durch den eigenen Garten zu gehen und das bisherige Jahr zu reflektieren. Dabei sollte der Fokus nicht darauf liegen, was nicht geklappt hat, sondern eher, was noch verbessert werden k\u00f6nnte. Denn auch dieses Jahr hat G\u00e4rtnerinnen und G\u00e4rtner mit hohen Temperaturen und wenig Niederschlag vor Herausforderung gestellt.<\/p>\n\n\n\n<p>Fangen wir also mit dem Wasser an. Besonders ein Gem\u00fcsegarten braucht viel Wasser, von dem es im Moment so wenig gibt. Richtig gie\u00dfen bedeutet: lieber einmal viel gie\u00dfen, anstatt t\u00e4glich nur ein bisschen. Das spart am Ende Wasser und Zeit. Es sollte ausschlie\u00dflich mit Regenwasser gegossen werden, da aufbereitetes Trinkwasser vielen Pflanzen schadet und unn\u00f6tig kostbare Ressourcen vergeudet. Und eine gesunde, mit ausreichend Wasser versorgte Pflanze verdunstet wiederum Fl\u00fcssigkeit \u00fcber ihre Bl\u00e4tter und k\u00fchlt damit die Umgebung ab. Von ausreichend vielen Regentonnen profitieren also die Pflanzen, das Klima und das Portemonnaie.<\/p>\n\n\n\n<p>Neben Wasser brauchen Pflanzen, vor allem Gem\u00fcsepflanzen, auch N\u00e4hrstoffe. Die Qualit\u00e4t der Erde und des D\u00fcngers sind hierbei entscheidend. Mit ein bisschen Organisation kann man sich aber einen eigenen N\u00e4hrstoffkreislauf im Garten aufbauen.<\/p>\n\n\n\n<p>Am Anfang ist man meist noch auf \u201eexterne\u201c Erde angewiesen. Beim Kauf von Erde sollte darauf geachtet werden, dass diese \u201etorffrei\u201c ist. Denn Moore geh\u00f6ren mit ihrem Torf zu sogenannten \u201eCO2-Senken\u201c, das hei\u00dft, sie entnehmen der Luft CO2 und speichern es. Das sch\u00fctzt unser Klima.<\/p>\n\n\n\n<p>Auf Dauer kann man meist jedoch auf den Kauf von Erde verzichten. Mit einem eigenen Kompost im Garten l\u00e4sst sich n\u00e4hrstoffreiche Komposterde selbst herstellen. Hierzu braucht man Gr\u00fcnschnitt, der in einem Garten ganz automatisch anf\u00e4llt. Auch K\u00fcchenabf\u00e4lle, wenn diese nicht gekocht sind, d\u00fcrfen auf den Kompost. Es gibt unterschiedliche Methoden f\u00fcr die Kompostierung, aber die Grunds\u00e4tze sind bei allen gleich: der Kompost muss bodenkontakt haben, gut durchl\u00fcftet und nicht zu feucht oder trocken sein. Mit der eigenen Komposterde spart man am Ende Geld, Transportwege, D\u00fcnger und Platz in der Biotonne.<\/p>\n\n\n\n<p>Apropos Platz in der Biotonne: im Herbst f\u00e4llt erfahrungsgem\u00e4\u00df viel Schnittgut von Geh\u00f6lzen an. D\u00fcnne \u00c4ste und Zweige k\u00f6nnen gleich f\u00fcr den neu angelegten Kompost genutzt werden. Das f\u00f6rdert die Durchl\u00fcftung. Dicke \u00c4ste eignen sich weniger gut, da sie sehr lange zum Kompostieren brauchen. Sind die dicken \u00c4ste sch\u00f6n gerade, k\u00f6nnen sie zum Beispiel als Pflanzstab oder Baumaterial getrocknet werden. Das spart den Kauf von Bambusst\u00e4ben und Pf\u00e4hlen und damit Transportwege. Krumme \u00c4ste k\u00f6nnen hingegen als \u201eBenjeshecke\u201c, auch \u201eTotholzhecke\u201c genannt, aufgestapelt werden. Hierzu werden zwei parallel laufende Reihen Pf\u00e4hle in den Boden gehauen. Dazwischen wird der Geh\u00f6lzschnitt locker gestapelt. Auch wird wieder Platz in der Biotonne oder die Fahrt zum Recyclingcenter gespart und dazu noch R\u00fcckzugsr\u00e4ume f\u00fcr Gartentiere geschaffen.<\/p>\n\n\n\n<p>Vom klimafreundlichen G\u00e4rtnern profitiert also nicht nur das Klima und die Natur, sondern auch die G\u00e4rtnerinnen und G\u00e4rtnern. Denn klimafreundliches G\u00e4rtnern spart am Ende Geld und Zeit.<\/p>\n\n\n\n<p><em>Mehr zum Thema \u201eNaturnahe Gartengestaltung<\/em><em>\u201c finden Sie auf der Internetseite des Zweckverbandes: <\/em><a href=\"http:\/\/www.wuennenberg-bueren.de\"><em>www.wuennenberg-bueren.de<\/em><\/a><em>. <\/em><em><\/em><\/p>\n\n\n\n<p><em>Sie haben eine andere Frage? Schicken Sie sie&nbsp;einfach an <\/em><a href=\"mailto:erholungsgebiet@wuennenberg-bueren.de\"><em>erholungsgebiet@wuennenberg-bueren.de<\/em><\/a><em>.<\/em><\/p>\n\n\n\n<figure class=\"wp-block-image size-large\"><img loading=\"lazy\" decoding=\"async\" width=\"1024\" height=\"614\" src=\"https:\/\/www.wuennenberg-bueren.de\/zweckverband\/wp-content\/uploads\/2022\/09\/2022-09-Klimafreundliche_Gaertnern_1-1024x614.jpg\" alt=\"\" class=\"wp-image-1220\" srcset=\"https:\/\/www.wuennenberg-bueren.de\/zweckverband\/wp-content\/uploads\/2022\/09\/2022-09-Klimafreundliche_Gaertnern_1-1024x614.jpg 1024w, https:\/\/www.wuennenberg-bueren.de\/zweckverband\/wp-content\/uploads\/2022\/09\/2022-09-Klimafreundliche_Gaertnern_1-300x180.jpg 300w, https:\/\/www.wuennenberg-bueren.de\/zweckverband\/wp-content\/uploads\/2022\/09\/2022-09-Klimafreundliche_Gaertnern_1-768x461.jpg 768w, https:\/\/www.wuennenberg-bueren.de\/zweckverband\/wp-content\/uploads\/2022\/09\/2022-09-Klimafreundliche_Gaertnern_1.jpg 1280w\" sizes=\"auto, (max-width: 1024px) 100vw, 1024px\" \/><figcaption>Selbstgemachte Komposterde versorgt nicht nur den Garten mit wichtigen N\u00e4hrstoffen, sondern schont auch das Klima.  Foto: melGrenn FR, Pixabay. <\/figcaption><\/figure>\n","protected":false},"excerpt":{"rendered":"<p>Teil 1 &#8211; Wasser und Kompost Kolumne \u2013 September 2022 Sie fragen, der Zweckverband antwortet. Die Natur ist in einem st\u00e4ndigen Umbruch. Die Temperaturen f\u00fchlen sich noch wie Sommer an, aber die Tage werden schon merklich k\u00fcrzer. Sonnenblumen und Astern erleuchten den Garten, aber alle anderen Pflanzen sind langsam ersch\u00f6pft. [&hellip;]<\/p>\n","protected":false},"author":2,"featured_media":1220,"comment_status":"closed","ping_status":"closed","sticky":false,"template":"","format":"standard","meta":{"footnotes":""},"categories":[7,21],"tags":[],"class_list":["post-1219","post","type-post","status-publish","format-standard","has-post-thumbnail","hentry","category-aktuelles","category-naturnahe-gartengestaltung"],"_links":{"self":[{"href":"https:\/\/www.wuennenberg-bueren.de\/zweckverband\/wp-json\/wp\/v2\/posts\/1219","targetHints":{"allow":["GET"]}}],"collection":[{"href":"https:\/\/www.wuennenberg-bueren.de\/zweckverband\/wp-json\/wp\/v2\/posts"}],"about":[{"href":"https:\/\/www.wuennenberg-bueren.de\/zweckverband\/wp-json\/wp\/v2\/types\/post"}],"author":[{"embeddable":true,"href":"https:\/\/www.wuennenberg-bueren.de\/zweckverband\/wp-json\/wp\/v2\/users\/2"}],"replies":[{"embeddable":true,"href":"https:\/\/www.wuennenberg-bueren.de\/zweckverband\/wp-json\/wp\/v2\/comments?post=1219"}],"version-history":[{"count":2,"href":"https:\/\/www.wuennenberg-bueren.de\/zweckverband\/wp-json\/wp\/v2\/posts\/1219\/revisions"}],"predecessor-version":[{"id":1223,"href":"https:\/\/www.wuennenberg-bueren.de\/zweckverband\/wp-json\/wp\/v2\/posts\/1219\/revisions\/1223"}],"wp:featuredmedia":[{"embeddable":true,"href":"https:\/\/www.wuennenberg-bueren.de\/zweckverband\/wp-json\/wp\/v2\/media\/1220"}],"wp:attachment":[{"href":"https:\/\/www.wuennenberg-bueren.de\/zweckverband\/wp-json\/wp\/v2\/media?parent=1219"}],"wp:term":[{"taxonomy":"category","embeddable":true,"href":"https:\/\/www.wuennenberg-bueren.de\/zweckverband\/wp-json\/wp\/v2\/categories?post=1219"},{"taxonomy":"post_tag","embeddable":true,"href":"https:\/\/www.wuennenberg-bueren.de\/zweckverband\/wp-json\/wp\/v2\/tags?post=1219"}],"curies":[{"name":"wp","href":"https:\/\/api.w.org\/{rel}","templated":true}]}}