{"id":1163,"date":"2022-07-01T07:30:00","date_gmt":"2022-07-01T05:30:00","guid":{"rendered":"https:\/\/www.wuennenberg-bueren.de\/zweckverband\/?p=1163"},"modified":"2022-11-24T13:29:45","modified_gmt":"2022-11-24T12:29:45","slug":"leben-fledermaeuse-auch-bei-mir","status":"publish","type":"post","link":"https:\/\/www.wuennenberg-bueren.de\/zweckverband\/2022\/07\/01\/leben-fledermaeuse-auch-bei-mir\/","title":{"rendered":"Leben Flederm\u00e4use auch bei mir?"},"content":{"rendered":"\n<p><strong>Kolumne \u2013 Juli 2022<\/strong><\/p>\n\n\n\n<p><em>Sie fragen, der Zweckverband antwortet.<\/em><\/p>\n\n\n\n<p>Flederm\u00e4use leben meist unbemerkt mit uns Menschen, da sie zum einen nachtaktiv und zum anderen sehr leise sind \u2013 jedenfalls f\u00fcr unsere menschlichen Ohren. Denn Flederm\u00e4use fliegen nahezu lautlos und sto\u00dfen dabei Ultraschallwellen aus, die f\u00fcr uns Menschen nicht zu h\u00f6ren sind. Und tags\u00fcber? Tja, da leben Flederm\u00e4use meist versteckt in Ritzen, Nischen oder auch trocknen Dachst\u00fchlen und schlafen.<\/p>\n\n\n\n<p>Dabei w\u00e4re es doch so spannend zu wissen, ob abends Flederm\u00e4use durch den eignen Garten flattern.<\/p>\n\n\n\n<p>Mit dem neuen Fledermaus-Rucksack des Zweckverbandes Bevorzugtes Erholungsgebiet Bad W\u00fcnnenberg\/B\u00fcren kann man dies ganz einfach selbst herausfinden. Denn der Fledermaus-Rucksack beinhaltet neben umfangreichem&nbsp; Informationsmaterial auch einen sogenannten \u201eFledermausdetektor\u201c, der die Ultraschall-Rufe von Flederm\u00e4usen f\u00fcr das menschliche Ohr h\u00f6rbar macht.<\/p>\n\n\n\n<p>Um erfolgreich Flederm\u00e4use aufzusp\u00fcren, braucht es mit diesem Fledermausdetektor nicht viel geschickt, nur den richtigen Zeitpunkt. Bei einfallender Dunkelheit kann man die ersten \u201eH\u00f6rproben\u201c gen Himmel nehmen. Flederm\u00e4use orientieren sich gerne an Strukturen, daher kann man mit dem Fledermausdetektor beispielsweise Baumsilhouetten und Hecken in der Luft \u201eumfahren\u201c. Ist eine Fledermaus in der N\u00e4he, h\u00f6rt man den charakteristischen Ruf, beispielsweise ein \u201eplip-plop\u201c oder ein \u201etschjap tschjap\u201c. H\u00f6rt man nichts, dann ist auch keine Fledermaus da.<\/p>\n\n\n\n<figure class=\"wp-block-video\"><video height=\"352\" style=\"aspect-ratio: 640 \/ 352;\" width=\"640\" controls src=\"https:\/\/www.wuennenberg-bueren.de\/zweckverband\/wp-content\/uploads\/2022\/06\/Fledermaeuse_Mit_Batdetektor_Hoeren.mp4\"><\/video><figcaption>Mit dem Fledermausdetektor kann man die Ultraschallrufe von Flederm\u00e4usen f\u00fcr das menschliche Ohr h\u00f6rbar machen. Video: Carolin Schepers.<\/figcaption><\/figure>\n\n\n\n<p>Das hei\u00dft allerdings noch lange nicht, dass nie eine Fledermaus im Garten ist, denn Flederm\u00e4use haben unterschiedliche \u201eJagdreviere\u201c, die zu unterschiedlichen Zeiten angeflogen werden. Vielleicht kommen die Flederm\u00e4use nicht um 22 Uhr, sondern erst um 4 Uhr morgens. Deshalb lohnt es sich manchmal, gezielt nach Flederm\u00e4use zu suchen. An Gew\u00e4ssern lassen sich gew\u00f6hnlich Flederm\u00e4use gut beobachten, da M\u00fccken ganz oben auf dem Speiseplan stehen. Aber auch entlang von B\u00e4umen oder Hecken jagen Flederm\u00e4usen ihrer Beute hinterher.<\/p>\n\n\n\n<p>Besonders im Sp\u00e4tsommer sind Flederm\u00e4use sehr aktiv, denn sie m\u00fcssen sich Winterspeck f\u00fcr die kalte Jahreszeit anfressen. Mit sinkenden Temperaturen verstecken sich Flederm\u00e4use in sogenannten Winterquartieren. Diese m\u00fcssen frostfrei und feucht sein. Aber so richtig feucht, damit die Flugh\u00e4ute im Winter nicht austrocknen. &nbsp;Dort halten sie Winterschlaf, bis die Temperaturen im Fr\u00fchjahr wieder steigen und ein neues Fledermaus-Jahr beginnt.<\/p>\n\n\n\n<p>Dies ist auch die Zeit, in der Flederm\u00e4use ihre Jungen bekommen. Meist ein Junges pro Fledermaus. Die Jungtiere bleiben die ersten Wochen in den sogenannten \u201eWochenstuben\u201c, welche im Gegensatz zu den Winterquartieren warm und trocken sind. Dort werden die Kleinen r\u00fchrig von der Mutter ges\u00e4ugt, geputzt und geschult. Denn auch Flederm\u00e4use m\u00fcssen das Fliegen erst noch lernen.<\/p>\n\n\n\n<p>Mit Hilfe des Fledermaus-Rucksacks vom Zweckverband Bevorzugtes Erholungsgebiet Bad W\u00fcnnenberg\/B\u00fcren erh\u00e4lt man einen spannenden Einblick in das Leben von Flederm\u00e4usen. Neben dem Fledermausdetektor enth\u00e4lt der Rucksack ein Kinderbuch und einen Lehrfilm \u00fcber Flederm\u00e4use. Dazu gibt es noch zwei Mappen mit Mal und Bastelvorlagen, sowie Spielideen. Auch ein Brettspiel enth\u00e4lt der Rucksack. Um die Bestimmung von Flederm\u00e4usen zu erleichtern, enth\u00e4lt der Rucksack auch zwei Bestimmungsb\u00fccher mit tollen Fotos. Zuletzt gibt es noch in der Vordertasche des Rucksacks eine kleine \u00dcberraschung, die an dieser Stelle aber noch nicht verraten wird.&nbsp;<\/p>\n\n\n\n<p>Die Rucks\u00e4cke k\u00f6nnen zu den \u00d6ffnungszeiten der Touristikb\u00fcros in Bad W\u00fcnnenberg und B\u00fcren kostenlos ausleihen werden. Eine vorherige Buchung ist anzuraten. Der Rucksack darf bis zu 3 Tagen ausgeliehen werden.<\/p>\n\n\n\n<p><em>Mehr zum Thema \u201eFlederm\u00e4use\u201c finden Sie <\/em><a href=\"https:\/\/www.wuennenberg-bueren.de\/zweckverband\/category\/fledermausschutz\/\" target=\"_blank\" rel=\"noreferrer noopener\"><em>hier<\/em> &#8211; <em>alles \u00fcber Flederm\u00e4use<\/em><\/a>. <\/p>\n\n\n\n<p><em>Mehr zum Thema \u201eFledermaus-Rucksack\u201c finden Sie <\/em><a href=\"https:\/\/www.wuennenberg-bueren.de\/zweckverband\/2022\/07\/01\/der-fledermaus-rucksack\/\" target=\"_blank\" rel=\"noreferrer noopener\"><em>hier<\/em> &#8211; <em>Fledermaus<\/em><\/a><em><a href=\"https:\/\/www.wuennenberg-bueren.de\/zweckverband\/2022\/07\/01\/der-fledermaus-rucksack\/\" target=\"_blank\" rel=\"noreferrer noopener\">&#8211;<\/a><\/em><a href=\"https:\/\/www.wuennenberg-bueren.de\/zweckverband\/category\/fledermausschutz\/\" target=\"_blank\" rel=\"noreferrer noopener\"><em>Rucksack<\/em><\/a>. <\/p>\n\n\n\n<p><em>Den Flyer zum Fledermaus-Rucksack finden Sie <\/em><a href=\"https:\/\/www.wuennenberg-bueren.de\/zweckverband\/wp-content\/uploads\/2022\/06\/Flyer-Fledermaus_Rucksack_comp.pdf\" target=\"_blank\" rel=\"noreferrer noopener\"><em>hier<\/em> \u2013 <em>Flyer<\/em><\/a>.<\/p>\n\n\n\n<p><em>Die zum Fledermaus-Rucksack dazugeh\u00f6rige Brosch\u00fcre finden Sie <\/em><a href=\"https:\/\/www.wuennenberg-bueren.de\/zweckverband\/wp-content\/uploads\/2022\/07\/Fledermaus-Rucksack-Broschuere.pdf\" target=\"_blank\" rel=\"noreferrer noopener\"><em>hier<\/em> \u2013 <em>Brosch\u00fcre<\/em><\/a>.<\/p>\n\n\n\n<p><em>Das Projekt \u201eArtenschutz f\u00fcr Flederm\u00e4use in Geb\u00e4uden\u201c wird durch das F\u00f6rderprogramm ELER, sprich mit Mitteln der EU und des Landes NRW gef\u00f6rdert.<\/em><\/p>\n\n\n\n<p><em>Sie haben eine andere Frage? Schicken Sie sie&nbsp;einfach an <\/em><a href=\"mailto:erholungsgebiet@wuennenberg-bueren.de\"><em>erholungsgebiet@wuennenberg-bueren.de<\/em><\/a><em>.<\/em><\/p>\n\n\n\n<figure class=\"wp-block-image size-large\"><img loading=\"lazy\" decoding=\"async\" width=\"1024\" height=\"768\" src=\"https:\/\/www.wuennenberg-bueren.de\/zweckverband\/wp-content\/uploads\/2022\/06\/2022-07-Fledermaeus-Rucksack-1024x768.jpg\" alt=\"\" class=\"wp-image-1164\" srcset=\"https:\/\/www.wuennenberg-bueren.de\/zweckverband\/wp-content\/uploads\/2022\/06\/2022-07-Fledermaeus-Rucksack-1024x768.jpg 1024w, https:\/\/www.wuennenberg-bueren.de\/zweckverband\/wp-content\/uploads\/2022\/06\/2022-07-Fledermaeus-Rucksack-300x225.jpg 300w, https:\/\/www.wuennenberg-bueren.de\/zweckverband\/wp-content\/uploads\/2022\/06\/2022-07-Fledermaeus-Rucksack-768x576.jpg 768w, https:\/\/www.wuennenberg-bueren.de\/zweckverband\/wp-content\/uploads\/2022\/06\/2022-07-Fledermaeus-Rucksack-1536x1152.jpg 1536w, https:\/\/www.wuennenberg-bueren.de\/zweckverband\/wp-content\/uploads\/2022\/06\/2022-07-Fledermaeus-Rucksack.jpg 2048w\" sizes=\"auto, (max-width: 1024px) 100vw, 1024px\" \/><figcaption>Der Fledermaus-Rucksack bietet umfangreiche Informationen \u00fcber Flederm\u00e4use und kann bis zu 3 Tage kostenlos in den Touristikb\u00fcros der St\u00e4dte Bad W\u00fcnnenberg und B\u00fcren ausgeliehen werden.  Foto: Carolin Schepers. <\/figcaption><\/figure>\n\n\n\n<div style=\"height:100px\" aria-hidden=\"true\" class=\"wp-block-spacer\"><\/div>\n\n\n\n<figure class=\"wp-block-image size-large\"><img loading=\"lazy\" decoding=\"async\" width=\"1024\" height=\"442\" src=\"https:\/\/www.wuennenberg-bueren.de\/zweckverband\/wp-content\/uploads\/2021\/08\/ELER_Fledermaeuse-1024x442.jpg\" alt=\"\" class=\"wp-image-954\" srcset=\"https:\/\/www.wuennenberg-bueren.de\/zweckverband\/wp-content\/uploads\/2021\/08\/ELER_Fledermaeuse-1024x442.jpg 1024w, https:\/\/www.wuennenberg-bueren.de\/zweckverband\/wp-content\/uploads\/2021\/08\/ELER_Fledermaeuse-300x130.jpg 300w, https:\/\/www.wuennenberg-bueren.de\/zweckverband\/wp-content\/uploads\/2021\/08\/ELER_Fledermaeuse-768x332.jpg 768w, https:\/\/www.wuennenberg-bueren.de\/zweckverband\/wp-content\/uploads\/2021\/08\/ELER_Fledermaeuse-1536x663.jpg 1536w, https:\/\/www.wuennenberg-bueren.de\/zweckverband\/wp-content\/uploads\/2021\/08\/ELER_Fledermaeuse.jpg 1862w\" sizes=\"auto, (max-width: 1024px) 100vw, 1024px\" \/><\/figure>\n","protected":false},"excerpt":{"rendered":"<p>Kolumne \u2013 Juli 2022 Sie fragen, der Zweckverband antwortet. Flederm\u00e4use leben meist unbemerkt mit uns Menschen, da sie zum einen nachtaktiv und zum anderen sehr leise sind \u2013 jedenfalls f\u00fcr unsere menschlichen Ohren. Denn Flederm\u00e4use fliegen nahezu lautlos und sto\u00dfen dabei Ultraschallwellen aus, die f\u00fcr uns Menschen nicht zu h\u00f6ren [&hellip;]<\/p>\n","protected":false},"author":2,"featured_media":1164,"comment_status":"closed","ping_status":"closed","sticky":false,"template":"","format":"standard","meta":{"footnotes":""},"categories":[7,21],"tags":[],"class_list":["post-1163","post","type-post","status-publish","format-standard","has-post-thumbnail","hentry","category-aktuelles","category-naturnahe-gartengestaltung"],"_links":{"self":[{"href":"https:\/\/www.wuennenberg-bueren.de\/zweckverband\/wp-json\/wp\/v2\/posts\/1163","targetHints":{"allow":["GET"]}}],"collection":[{"href":"https:\/\/www.wuennenberg-bueren.de\/zweckverband\/wp-json\/wp\/v2\/posts"}],"about":[{"href":"https:\/\/www.wuennenberg-bueren.de\/zweckverband\/wp-json\/wp\/v2\/types\/post"}],"author":[{"embeddable":true,"href":"https:\/\/www.wuennenberg-bueren.de\/zweckverband\/wp-json\/wp\/v2\/users\/2"}],"replies":[{"embeddable":true,"href":"https:\/\/www.wuennenberg-bueren.de\/zweckverband\/wp-json\/wp\/v2\/comments?post=1163"}],"version-history":[{"count":6,"href":"https:\/\/www.wuennenberg-bueren.de\/zweckverband\/wp-json\/wp\/v2\/posts\/1163\/revisions"}],"predecessor-version":[{"id":1208,"href":"https:\/\/www.wuennenberg-bueren.de\/zweckverband\/wp-json\/wp\/v2\/posts\/1163\/revisions\/1208"}],"wp:featuredmedia":[{"embeddable":true,"href":"https:\/\/www.wuennenberg-bueren.de\/zweckverband\/wp-json\/wp\/v2\/media\/1164"}],"wp:attachment":[{"href":"https:\/\/www.wuennenberg-bueren.de\/zweckverband\/wp-json\/wp\/v2\/media?parent=1163"}],"wp:term":[{"taxonomy":"category","embeddable":true,"href":"https:\/\/www.wuennenberg-bueren.de\/zweckverband\/wp-json\/wp\/v2\/categories?post=1163"},{"taxonomy":"post_tag","embeddable":true,"href":"https:\/\/www.wuennenberg-bueren.de\/zweckverband\/wp-json\/wp\/v2\/tags?post=1163"}],"curies":[{"name":"wp","href":"https:\/\/api.w.org\/{rel}","templated":true}]}}