{"id":1143,"date":"2022-05-30T10:52:32","date_gmt":"2022-05-30T08:52:32","guid":{"rendered":"https:\/\/www.wuennenberg-bueren.de\/zweckverband\/?p=1143"},"modified":"2022-07-04T12:06:17","modified_gmt":"2022-07-04T10:06:17","slug":"vortragsreihe-naturnahe-gartengestaltung","status":"publish","type":"post","link":"https:\/\/www.wuennenberg-bueren.de\/zweckverband\/2022\/05\/30\/vortragsreihe-naturnahe-gartengestaltung\/","title":{"rendered":"Vortragsreihe &#8211; Naturnahe Gartengestaltung"},"content":{"rendered":"\n<p><\/p>\n\n\n\n<p>Im Rahmen des Projektes \u201eWurzgarten\u201c in B\u00fcren bietet der Zweckverband Bevorzugtes Erholungsgebiet Bad W\u00fcnnenberg\/B\u00fcren eine interessante Vortragsreihe zum Thema \u201eNaturnahe Gartengestaltung\u201c an.<\/p>\n\n\n\n<p>In der Vortragsreihe werden heimische und naturgarten-taugliche Pflanzen vorgestellt. Carolin Schepers, Zweckverband Bevorzugtes Erholungsgebiet Bad W\u00fcnnenberg\/B\u00fcren, geht hierbei nicht nur auf die Grundlagen der naturnahen Gartengestaltung ein, sondern stellt auch Pflanzenbeispiele und Pflanzenkombinationen vor. Auch wird in einem Vortrag ein besonderes Augenmerk auf heimische Tierarten und ihren Platz im naturnahen Garten gelegt.<\/p>\n\n\n\n<p>Die Vortragsreihe soll vor allem die \u201eHobby-Naturg\u00e4rtner von Morgen\u201c ansprechen. Gemeint sind all diejenigen, die gerne im eignen Garten etwas f\u00fcr die Natur machen m\u00f6chten, aber nicht genau wissen, wie sie anfangen sollen. Willkommen sind aber auch Gartenbesitzer, die ihren Garten pflegeleichter gestalten m\u00f6chten.<\/p>\n\n\n\n<p>Ziel der Veranstaltungen ist, das Umweltbewusstsein und die Artenvielfalt in der Region gemeinsam zu steigern und aufzuzeigen, wie man schon mit einfachen, kleinen Mitteln seinen Beitrag f\u00fcr den Umweltschutz beisteuern kann.<\/p>\n\n\n\n<p>Die Vortragsreihe besteht aus folgenden Vortr\u00e4gen:<\/p>\n\n\n\n<p><\/p>\n\n\n\n<p><strong>Dienstag, 14. Juni um 18 Uhr \u2013 Einf\u00fchrung in die naturnahe Gartengestaltung<\/strong><\/p>\n\n\n\n<p><a href=\"https:\/\/www.wuennenberg-bueren.de\/zweckverband\/2022\/05\/23\/bueren-1-vortrag-grundlagen-der-naturnahen-gartengestaltung-14-06-2022\/\" target=\"_blank\" rel=\"noreferrer noopener\">Mehr Informationen zum 1. Vortrag finden Sie hier.<\/a><\/p>\n\n\n\n<p><strong>Dienstag, 21. Juni um 18<\/strong> <strong>Uhr \u2013 Pflanzen im naturnahen Garten<\/strong><\/p>\n\n\n\n<p><a href=\"https:\/\/www.wuennenberg-bueren.de\/zweckverband\/2022\/05\/22\/bueren-2-vortrag-pflanzen-im-naturnahen-garten-21-06-2022\/\" target=\"_blank\" rel=\"noreferrer noopener\">Mehr Informationen zum 2. Vortrag finden Sie hier. <\/a><strong><mark style=\"background-color:#98bf64\" class=\"has-inline-color has-white-color\">&#8211; Freie Pl\u00e4tze &#8211; <\/mark><mark style=\"background-color:rgba(0, 0, 0, 0)\" class=\"has-inline-color has-accent-color\"> <\/mark><\/strong><\/p>\n\n\n\n<p><strong>Dienstag, 28. Juni um 18 Uhr \u2013 Naturnahe Gartengestaltung f\u00fcr Tiere<\/strong><\/p>\n\n\n\n<p><a href=\"https:\/\/www.wuennenberg-bueren.de\/zweckverband\/2022\/05\/21\/bueren-3-vortrag-naturnahe-gartengestaltung-fuer-tiere-28-06-2022\/\" target=\"_blank\" rel=\"noreferrer noopener\">Mehr Informationen zum 3. Vortrag finden Sie hier.<\/a> <strong><mark style=\"background-color:#98bf64\" class=\"has-inline-color has-white-color\">&#8211; Freie Pl\u00e4tze &#8211; <\/mark><\/strong><\/p>\n\n\n\n<p>Alle Vortr\u00e4ge finden in der Niederm\u00fchle B\u00fcren (Bahnhofstra\u00dfe 20, 33142 B\u00fcren) statt.<\/p>\n\n\n\n<p><strong>Die Teilnahme ist kostenlos, eine Anmeldung ist erw\u00fcnscht \u2013 Tel.: 0160 654 0232 oder <\/strong><a href=\"mailto:erholungsgebiet@wuennenberg-bueren.de\"><strong>erholungsgebiet@wuennenberg-bueren.de<\/strong><\/a><strong>.<\/strong><\/p>\n\n\n\n<p><strong>Bitte beachten Sie die zu dem Zeitpunkt geltenden Corona-Vorschriften.<\/strong><\/p>\n\n\n\n<figure class=\"wp-block-image size-large\"><img loading=\"lazy\" decoding=\"async\" width=\"1024\" height=\"768\" src=\"https:\/\/www.wuennenberg-bueren.de\/zweckverband\/wp-content\/uploads\/2020\/11\/20200902_144809-Gro\u00df-1024x768.jpg\" alt=\"\" class=\"wp-image-709\" srcset=\"https:\/\/www.wuennenberg-bueren.de\/zweckverband\/wp-content\/uploads\/2020\/11\/20200902_144809-Gro\u00df-1024x768.jpg 1024w, https:\/\/www.wuennenberg-bueren.de\/zweckverband\/wp-content\/uploads\/2020\/11\/20200902_144809-Gro\u00df-300x225.jpg 300w, https:\/\/www.wuennenberg-bueren.de\/zweckverband\/wp-content\/uploads\/2020\/11\/20200902_144809-Gro\u00df-768x576.jpg 768w, https:\/\/www.wuennenberg-bueren.de\/zweckverband\/wp-content\/uploads\/2020\/11\/20200902_144809-Gro\u00df.jpg 1440w\" sizes=\"auto, (max-width: 1024px) 100vw, 1024px\" \/><\/figure>\n","protected":false},"excerpt":{"rendered":"<p>Im Rahmen des Projektes \u201eWurzgarten\u201c in B\u00fcren bietet der Zweckverband Bevorzugtes Erholungsgebiet Bad W\u00fcnnenberg\/B\u00fcren eine interessante Vortragsreihe zum Thema \u201eNaturnahe Gartengestaltung\u201c an. In der Vortragsreihe werden heimische und naturgarten-taugliche Pflanzen vorgestellt. Carolin Schepers, Zweckverband Bevorzugtes Erholungsgebiet Bad W\u00fcnnenberg\/B\u00fcren, geht hierbei nicht nur auf die Grundlagen der naturnahen Gartengestaltung ein, sondern [&hellip;]<\/p>\n","protected":false},"author":2,"featured_media":709,"comment_status":"closed","ping_status":"closed","sticky":false,"template":"","format":"standard","meta":{"footnotes":""},"categories":[11],"tags":[],"class_list":["post-1143","post","type-post","status-publish","format-standard","has-post-thumbnail","hentry","category-veranstaltungsarchiv"],"_links":{"self":[{"href":"https:\/\/www.wuennenberg-bueren.de\/zweckverband\/wp-json\/wp\/v2\/posts\/1143","targetHints":{"allow":["GET"]}}],"collection":[{"href":"https:\/\/www.wuennenberg-bueren.de\/zweckverband\/wp-json\/wp\/v2\/posts"}],"about":[{"href":"https:\/\/www.wuennenberg-bueren.de\/zweckverband\/wp-json\/wp\/v2\/types\/post"}],"author":[{"embeddable":true,"href":"https:\/\/www.wuennenberg-bueren.de\/zweckverband\/wp-json\/wp\/v2\/users\/2"}],"replies":[{"embeddable":true,"href":"https:\/\/www.wuennenberg-bueren.de\/zweckverband\/wp-json\/wp\/v2\/comments?post=1143"}],"version-history":[{"count":4,"href":"https:\/\/www.wuennenberg-bueren.de\/zweckverband\/wp-json\/wp\/v2\/posts\/1143\/revisions"}],"predecessor-version":[{"id":1155,"href":"https:\/\/www.wuennenberg-bueren.de\/zweckverband\/wp-json\/wp\/v2\/posts\/1143\/revisions\/1155"}],"wp:featuredmedia":[{"embeddable":true,"href":"https:\/\/www.wuennenberg-bueren.de\/zweckverband\/wp-json\/wp\/v2\/media\/709"}],"wp:attachment":[{"href":"https:\/\/www.wuennenberg-bueren.de\/zweckverband\/wp-json\/wp\/v2\/media?parent=1143"}],"wp:term":[{"taxonomy":"category","embeddable":true,"href":"https:\/\/www.wuennenberg-bueren.de\/zweckverband\/wp-json\/wp\/v2\/categories?post=1143"},{"taxonomy":"post_tag","embeddable":true,"href":"https:\/\/www.wuennenberg-bueren.de\/zweckverband\/wp-json\/wp\/v2\/tags?post=1143"}],"curies":[{"name":"wp","href":"https:\/\/api.w.org\/{rel}","templated":true}]}}