{"id":1132,"date":"2022-05-21T11:53:00","date_gmt":"2022-05-21T09:53:00","guid":{"rendered":"https:\/\/www.wuennenberg-bueren.de\/zweckverband\/?p=1132"},"modified":"2022-07-04T08:42:58","modified_gmt":"2022-07-04T06:42:58","slug":"bueren-3-vortrag-naturnahe-gartengestaltung-fuer-tiere-28-06-2022","status":"publish","type":"post","link":"https:\/\/www.wuennenberg-bueren.de\/zweckverband\/2022\/05\/21\/bueren-3-vortrag-naturnahe-gartengestaltung-fuer-tiere-28-06-2022\/","title":{"rendered":"B\u00dcREN &#8211; 3. Vortrag &#8211; Naturnahe Gartengestaltung f\u00fcr Tiere &#8211; 28.06.2022"},"content":{"rendered":"\n<p><strong>Dienstag, den 28. Juni um 18:00 Uhr<br>Niederm\u00fchle B\u00fcren, Bahnhofstra\u00dfe 20, 33142 B\u00fcren<\/strong><\/p>\n\n\n\n<p> <mark style=\"background-color:#98bf64\" class=\"has-inline-color has-white-color\">&#8211; <strong>Freie Pl\u00e4tze<\/strong> &#8211;<\/mark><\/p>\n\n\n\n<p>Im Rahmen des LEADER-Projektes \u201eWurzgarten B\u00fcren\u201c bietet der Zweckverband Bevorzugtes Erholungsgebiet Bad W\u00fcnnenberg\/B\u00fcren eine interessante Vortragsreihe zum Thema \u201eNaturnahe Gartengestaltung\u201c an. Carolin Schepers, Zweckverband Bevorzugtes Erholungsgebiet Bad W\u00fcnnenberg\/B\u00fcren, ist Umweltplanerin und experimentiert leidenschaftlich gerne im eignen Garten.<\/p>\n\n\n\n<p>Im kommenden Vortrag werden zuerst die Grundlagen des naturnahen G\u00e4rtnerns, sowie die praktische Umsetzung kurz wiederholt. Hiernach geht Frau Schepers auf einzelne Tiergruppen und ihre Bed\u00fcrfnisse ein. Anhand von praktischen Beispielen wird beispielsweise die Funktion und der Bau einer Trockensteinmauer oder eines Gartenteichs erkl\u00e4rt. Ausklingen wird der Vortrag mit weiterf\u00fchrenden Informationen und praktischen Tipps.<\/p>\n\n\n\n<p>Die\nVortragsreihe soll vor allem die \u201eHobby-Naturg\u00e4rtner von Morgen\u201c ansprechen.\nGemeint sind all diejenigen, die gerne im eigenen Garten etwas f\u00fcr die Natur\nmachen m\u00f6chten, aber nicht genau wissen, wie sie anfangen sollen. Willkommen\nsind aber auch Gartenbesitzer, die ihren Garten pflegeleichter gestalten\nm\u00f6chten. <\/p>\n\n\n\n<p>Ziel der\nVeranstaltungen ist, das Umweltbewusstsein und die Artenvielfalt in der Region\ngemeinsam zu steigern und aufzuzeigen, wie man schon mit einfachen, kleinen\nMitteln seinen Beitrag f\u00fcr den Umweltschutz beisteuern kann. <\/p>\n\n\n\n<p><strong>Die Teilnahme ist kostenlos, Eine Anmeldung ist erw\u00fcnscht \u2013 Tel.: 0160 654 0232 oder <a href=\"mailto:erholungsgebiet@wuennenberg-bueren.de\">erholungsgebiet@wuennenberg-bueren.de<\/a>.<\/strong><\/p>\n\n\n\n<p><strong><span class=\"highlight\"><strong>Bitte beachten Sie die zu dem Zeitpunkt geltenden Corona-Vorschriften<\/strong>.<\/span><\/strong><\/p>\n\n\n\n<p><\/p>\n\n\n\n<p><\/p>\n\n\n\n<div style=\"height:100px\" aria-hidden=\"true\" class=\"wp-block-spacer\"><\/div>\n\n\n\n<figure class=\"wp-block-image size-large\"><img loading=\"lazy\" decoding=\"async\" width=\"1024\" height=\"221\" src=\"https:\/\/www.wuennenberg-bueren.de\/zweckverband\/wp-content\/uploads\/2021\/08\/LEADER_Wurzgarten-1024x221.jpg\" alt=\"\" class=\"wp-image-925\" srcset=\"https:\/\/www.wuennenberg-bueren.de\/zweckverband\/wp-content\/uploads\/2021\/08\/LEADER_Wurzgarten-1024x221.jpg 1024w, https:\/\/www.wuennenberg-bueren.de\/zweckverband\/wp-content\/uploads\/2021\/08\/LEADER_Wurzgarten-300x65.jpg 300w, https:\/\/www.wuennenberg-bueren.de\/zweckverband\/wp-content\/uploads\/2021\/08\/LEADER_Wurzgarten-768x166.jpg 768w, https:\/\/www.wuennenberg-bueren.de\/zweckverband\/wp-content\/uploads\/2021\/08\/LEADER_Wurzgarten-1536x332.jpg 1536w, https:\/\/www.wuennenberg-bueren.de\/zweckverband\/wp-content\/uploads\/2021\/08\/LEADER_Wurzgarten.jpg 1862w\" sizes=\"auto, (max-width: 1024px) 100vw, 1024px\" \/><\/figure>\n","protected":false},"excerpt":{"rendered":"<p>Dienstag, den 28. Juni um 18:00 UhrNiederm\u00fchle B\u00fcren, Bahnhofstra\u00dfe 20, 33142 B\u00fcren Im Rahmen des LEADER-Projektes \u201eWurzgarten B\u00fcren\u201c bietet der Zweckverband Bevorzugtes Erholungsgebiet Bad W\u00fcnnenberg\/B\u00fcren eine interessante Vortragsreihe zum Thema \u201eNaturnahe Gartengestaltung\u201c an. Carolin Schepers, Zweckverband Bevorzugtes Erholungsgebiet Bad W\u00fcnnenberg\/B\u00fcren, ist Umweltplanerin und experimentiert leidenschaftlich gerne im eignen Garten. Im [&hellip;]<\/p>\n","protected":false},"author":2,"featured_media":919,"comment_status":"closed","ping_status":"closed","sticky":false,"template":"","format":"standard","meta":{"footnotes":""},"categories":[11],"tags":[],"class_list":["post-1132","post","type-post","status-publish","format-standard","has-post-thumbnail","hentry","category-veranstaltungsarchiv"],"_links":{"self":[{"href":"https:\/\/www.wuennenberg-bueren.de\/zweckverband\/wp-json\/wp\/v2\/posts\/1132","targetHints":{"allow":["GET"]}}],"collection":[{"href":"https:\/\/www.wuennenberg-bueren.de\/zweckverband\/wp-json\/wp\/v2\/posts"}],"about":[{"href":"https:\/\/www.wuennenberg-bueren.de\/zweckverband\/wp-json\/wp\/v2\/types\/post"}],"author":[{"embeddable":true,"href":"https:\/\/www.wuennenberg-bueren.de\/zweckverband\/wp-json\/wp\/v2\/users\/2"}],"replies":[{"embeddable":true,"href":"https:\/\/www.wuennenberg-bueren.de\/zweckverband\/wp-json\/wp\/v2\/comments?post=1132"}],"version-history":[{"count":3,"href":"https:\/\/www.wuennenberg-bueren.de\/zweckverband\/wp-json\/wp\/v2\/posts\/1132\/revisions"}],"predecessor-version":[{"id":1159,"href":"https:\/\/www.wuennenberg-bueren.de\/zweckverband\/wp-json\/wp\/v2\/posts\/1132\/revisions\/1159"}],"wp:featuredmedia":[{"embeddable":true,"href":"https:\/\/www.wuennenberg-bueren.de\/zweckverband\/wp-json\/wp\/v2\/media\/919"}],"wp:attachment":[{"href":"https:\/\/www.wuennenberg-bueren.de\/zweckverband\/wp-json\/wp\/v2\/media?parent=1132"}],"wp:term":[{"taxonomy":"category","embeddable":true,"href":"https:\/\/www.wuennenberg-bueren.de\/zweckverband\/wp-json\/wp\/v2\/categories?post=1132"},{"taxonomy":"post_tag","embeddable":true,"href":"https:\/\/www.wuennenberg-bueren.de\/zweckverband\/wp-json\/wp\/v2\/tags?post=1132"}],"curies":[{"name":"wp","href":"https:\/\/api.w.org\/{rel}","templated":true}]}}